{"id":3023,"date":"2019-04-07T17:11:17","date_gmt":"2019-04-07T16:11:17","guid":{"rendered":"https:\/\/www.allwecando.net\/?p=3023"},"modified":"2021-12-27T12:44:00","modified_gmt":"2021-12-27T11:44:00","slug":"overground-dancing-cities-budapest","status":"publish","type":"post","link":"https:\/\/www.allwecando.net\/fr\/2019\/04\/07\/overground-dancing-cities-budapest\/","title":{"rendered":"Overground &#8211; Dancing Cities Budapest"},"content":{"rendered":"<p><img loading=\"lazy\" decoding=\"async\" class=\"alignnone wp-image-2947 size-full\" src=\"https:\/\/www.allwecando.net\/wp-content\/uploads\/2019\/03\/Capture-d\u2019e\u0301cran-2019-03-20-a\u0300-11.33.03.png\" alt=\"\" width=\"1280\" height=\"546\" srcset=\"https:\/\/www.allwecando.net\/wp-content\/uploads\/2019\/03\/Capture-d\u2019e\u0301cran-2019-03-20-a\u0300-11.33.03.png 1280w, https:\/\/www.allwecando.net\/wp-content\/uploads\/2019\/03\/Capture-d\u2019e\u0301cran-2019-03-20-a\u0300-11.33.03-300x128.png 300w, https:\/\/www.allwecando.net\/wp-content\/uploads\/2019\/03\/Capture-d\u2019e\u0301cran-2019-03-20-a\u0300-11.33.03-768x328.png 768w\" sizes=\"auto, (max-width: 1280px) 100vw, 1280px\" \/><\/p>\n<p>&nbsp;<\/p>\n<p>Nous avons tourn\u00e9 ce film \u00e0 Budapest au mois d&rsquo;octobre 2018, invit\u00e9 par Gabor Pinter de Parallel Art Foundation qui s&rsquo;occupe de faire vivre les liens entre danse et cin\u00e9ma en cr\u00e9ant des \u00e9changes internationaux entre la Hongrie et l\u2019international. En collaboration avec dix danseurs, danseuses et chor\u00e9graphes nous avons parcouru la ville de jour et de nuit, pour choisir ensemble des lieux o\u00f9 chacun et chacune a propos\u00e9 une improvisation dans\u00e9e spontan\u00e9e. Le film s&rsquo;est tiss\u00e9 gr\u00e2ce \u00e0 la mati\u00e8re sonore fournie par la ville de Budapest, \u00e0 son mouvement. Ce travail s&rsquo;inscrit dans un contexte de grande inqui\u00e9tude pour l&rsquo;avenir du secteur culturel, en particulier du spectacle vivant dans le pays. Que va t&rsquo;-il advenir de la vitalit\u00e9 et de la force que nous avons trouv\u00e9 en collaborant avec les danseurs, comment aborder l&rsquo;avenir ? Overground est ainsi \u00e0 la fois le portrait d&rsquo;une ville par ceux qui en sont la force cr\u00e9atrice et la capture d\u2019un moment donn\u00e9, d\u2019une vitalit\u00e9 qui continue alors que l\u2019atmosph\u00e8re tout autour est incertaine.<\/p>\n<p>&nbsp;<\/p>\n","protected":false},"excerpt":{"rendered":"<p>&nbsp; Nous avons tourn\u00e9 ce film \u00e0 Budapest au mois d&rsquo;octobre 2018, invit\u00e9 par Gabor Pinter de Parallel Art Foundation qui s&rsquo;occupe de faire vivre les liens entre danse et cin\u00e9ma en cr\u00e9ant des \u00e9changes internationaux entre la Hongrie et l\u2019international. En collaboration avec dix danseurs, danseuses et chor\u00e9graphes nous avons parcouru la ville de [&hellip;]<\/p>\n","protected":false},"author":3,"featured_media":3024,"comment_status":"closed","ping_status":"open","sticky":false,"template":"","format":"standard","meta":{"_acf_changed":false,"footnotes":""},"categories":[1008],"tags":[1553,1558],"class_list":["post-3023","post","type-post","status-publish","format-standard","has-post-thumbnail","hentry","category-film","tag-budapest-fr","tag-dancing-cities-fr"],"acf":[],"yoast_head":"<!-- This site is optimized with the Yoast SEO plugin v25.3.1 - https:\/\/yoast.com\/wordpress\/plugins\/seo\/ -->\n<title>Overground - Dancing Cities Budapest - ALL WE CAN DO<\/title>\n<meta name=\"robots\" content=\"index, follow, max-snippet:-1, max-image-preview:large, max-video-preview:-1\" \/>\n<link rel=\"canonical\" href=\"https:\/\/www.allwecando.net\/2019\/04\/07\/overground-dancing-cities-budapest\/\" \/>\n<meta property=\"og:locale\" content=\"fr_FR\" \/>\n<meta property=\"og:type\" content=\"article\" \/>\n<meta property=\"og:title\" content=\"Overground - Dancing Cities Budapest - ALL WE CAN DO\" \/>\n<meta property=\"og:description\" content=\"&nbsp; Nous avons tourn\u00e9 ce film \u00e0 Budapest au mois d&rsquo;octobre 2018, invit\u00e9 par Gabor Pinter de Parallel Art Foundation qui s&rsquo;occupe de faire vivre les liens entre danse et cin\u00e9ma en cr\u00e9ant des \u00e9changes internationaux entre la Hongrie et l\u2019international. En collaboration avec dix danseurs, danseuses et chor\u00e9graphes nous avons parcouru la ville de [&hellip;]\" \/>\n<meta property=\"og:url\" content=\"https:\/\/www.allwecando.net\/2019\/04\/07\/overground-dancing-cities-budapest\/\" \/>\n<meta property=\"og:site_name\" content=\"ALL WE CAN DO\" \/>\n<meta property=\"article:published_time\" content=\"2019-04-07T16:11:17+00:00\" \/>\n<meta property=\"article:modified_time\" content=\"2021-12-27T11:44:00+00:00\" \/>\n<meta property=\"og:image\" content=\"https:\/\/www.allwecando.net\/wp-content\/uploads\/2019\/05\/AWCD-BUDA-MILANCapture-d\u2019e\u0301cran-2019-01-07-a\u0300-14.20.50-copie.png\" \/>\n\t<meta property=\"og:image:width\" content=\"1280\" \/>\n\t<meta property=\"og:image:height\" content=\"544\" \/>\n\t<meta property=\"og:image:type\" content=\"image\/png\" \/>\n<meta name=\"author\" content=\"thibaut\" \/>\n<meta name=\"twitter:card\" content=\"summary_large_image\" \/>\n<meta name=\"twitter:label1\" content=\"\u00c9crit par\" \/>\n\t<meta name=\"twitter:data1\" content=\"thibaut\" \/>\n\t<meta name=\"twitter:label2\" content=\"Dur\u00e9e de lecture estim\u00e9e\" \/>\n\t<meta name=\"twitter:data2\" content=\"1 minute\" \/>\n<script type=\"application\/ld+json\" class=\"yoast-schema-graph\">{\"@context\":\"https:\/\/schema.org\",\"@graph\":[{\"@type\":\"WebPage\",\"@id\":\"https:\/\/www.allwecando.net\/2019\/04\/07\/overground-dancing-cities-budapest\/\",\"url\":\"https:\/\/www.allwecando.net\/2019\/04\/07\/overground-dancing-cities-budapest\/\",\"name\":\"Overground - Dancing Cities Budapest - ALL WE CAN DO\",\"isPartOf\":{\"@id\":\"https:\/\/www.allwecando.net\/#website\"},\"primaryImageOfPage\":{\"@id\":\"https:\/\/www.allwecando.net\/2019\/04\/07\/overground-dancing-cities-budapest\/#primaryimage\"},\"image\":{\"@id\":\"https:\/\/www.allwecando.net\/2019\/04\/07\/overground-dancing-cities-budapest\/#primaryimage\"},\"thumbnailUrl\":\"https:\/\/www.allwecando.net\/wp-content\/uploads\/2019\/05\/AWCD-BUDA-MILANCapture-d\u2019e\u0301cran-2019-01-07-a\u0300-14.20.50-copie.png\",\"datePublished\":\"2019-04-07T16:11:17+00:00\",\"dateModified\":\"2021-12-27T11:44:00+00:00\",\"author\":{\"@id\":\"https:\/\/www.allwecando.net\/#\/schema\/person\/d0e47918245e0a073b42b0e7ce4382f9\"},\"breadcrumb\":{\"@id\":\"https:\/\/www.allwecando.net\/2019\/04\/07\/overground-dancing-cities-budapest\/#breadcrumb\"},\"inLanguage\":\"fr-FR\",\"potentialAction\":[{\"@type\":\"ReadAction\",\"target\":[\"https:\/\/www.allwecando.net\/2019\/04\/07\/overground-dancing-cities-budapest\/\"]}]},{\"@type\":\"ImageObject\",\"inLanguage\":\"fr-FR\",\"@id\":\"https:\/\/www.allwecando.net\/2019\/04\/07\/overground-dancing-cities-budapest\/#primaryimage\",\"url\":\"https:\/\/www.allwecando.net\/wp-content\/uploads\/2019\/05\/AWCD-BUDA-MILANCapture-d\u2019e\u0301cran-2019-01-07-a\u0300-14.20.50-copie.png\",\"contentUrl\":\"https:\/\/www.allwecando.net\/wp-content\/uploads\/2019\/05\/AWCD-BUDA-MILANCapture-d\u2019e\u0301cran-2019-01-07-a\u0300-14.20.50-copie.png\",\"width\":1280,\"height\":544},{\"@type\":\"BreadcrumbList\",\"@id\":\"https:\/\/www.allwecando.net\/2019\/04\/07\/overground-dancing-cities-budapest\/#breadcrumb\",\"itemListElement\":[{\"@type\":\"ListItem\",\"position\":1,\"name\":\"Home\",\"item\":\"https:\/\/www.allwecando.net\/fr\/\"},{\"@type\":\"ListItem\",\"position\":2,\"name\":\"Overground &#8211; Dancing Cities Budapest\"}]},{\"@type\":\"WebSite\",\"@id\":\"https:\/\/www.allwecando.net\/#website\",\"url\":\"https:\/\/www.allwecando.net\/\",\"name\":\"ALL WE CAN DO\",\"description\":\"\",\"potentialAction\":[{\"@type\":\"SearchAction\",\"target\":{\"@type\":\"EntryPoint\",\"urlTemplate\":\"https:\/\/www.allwecando.net\/?s={search_term_string}\"},\"query-input\":{\"@type\":\"PropertyValueSpecification\",\"valueRequired\":true,\"valueName\":\"search_term_string\"}}],\"inLanguage\":\"fr-FR\"},{\"@type\":\"Person\",\"@id\":\"https:\/\/www.allwecando.net\/#\/schema\/person\/d0e47918245e0a073b42b0e7ce4382f9\",\"name\":\"thibaut\",\"image\":{\"@type\":\"ImageObject\",\"inLanguage\":\"fr-FR\",\"@id\":\"https:\/\/www.allwecando.net\/#\/schema\/person\/image\/\",\"url\":\"https:\/\/secure.gravatar.com\/avatar\/8e71894ccdc67c7c8aadae68a5e00ab79e6b5ccaa4ee281d993644113e6cd018?s=96&d=mm&r=g\",\"contentUrl\":\"https:\/\/secure.gravatar.com\/avatar\/8e71894ccdc67c7c8aadae68a5e00ab79e6b5ccaa4ee281d993644113e6cd018?s=96&d=mm&r=g\",\"caption\":\"thibaut\"},\"url\":\"https:\/\/www.allwecando.net\/fr\/author\/thibaut\/\"}]}<\/script>\n<!-- \/ Yoast SEO plugin. -->","yoast_head_json":{"title":"Overground - Dancing Cities Budapest - ALL WE CAN DO","robots":{"index":"index","follow":"follow","max-snippet":"max-snippet:-1","max-image-preview":"max-image-preview:large","max-video-preview":"max-video-preview:-1"},"canonical":"https:\/\/www.allwecando.net\/2019\/04\/07\/overground-dancing-cities-budapest\/","og_locale":"fr_FR","og_type":"article","og_title":"Overground - Dancing Cities Budapest - ALL WE CAN DO","og_description":"&nbsp; Nous avons tourn\u00e9 ce film \u00e0 Budapest au mois d&rsquo;octobre 2018, invit\u00e9 par Gabor Pinter de Parallel Art Foundation qui s&rsquo;occupe de faire vivre les liens entre danse et cin\u00e9ma en cr\u00e9ant des \u00e9changes internationaux entre la Hongrie et l\u2019international. En collaboration avec dix danseurs, danseuses et chor\u00e9graphes nous avons parcouru la ville de [&hellip;]","og_url":"https:\/\/www.allwecando.net\/2019\/04\/07\/overground-dancing-cities-budapest\/","og_site_name":"ALL WE CAN DO","article_published_time":"2019-04-07T16:11:17+00:00","article_modified_time":"2021-12-27T11:44:00+00:00","og_image":[{"width":1280,"height":544,"url":"https:\/\/www.allwecando.net\/wp-content\/uploads\/2019\/05\/AWCD-BUDA-MILANCapture-d\u2019e\u0301cran-2019-01-07-a\u0300-14.20.50-copie.png","type":"image\/png"}],"author":"thibaut","twitter_card":"summary_large_image","twitter_misc":{"\u00c9crit par":"thibaut","Dur\u00e9e de lecture estim\u00e9e":"1 minute"},"schema":{"@context":"https:\/\/schema.org","@graph":[{"@type":"WebPage","@id":"https:\/\/www.allwecando.net\/2019\/04\/07\/overground-dancing-cities-budapest\/","url":"https:\/\/www.allwecando.net\/2019\/04\/07\/overground-dancing-cities-budapest\/","name":"Overground - Dancing Cities Budapest - ALL WE CAN DO","isPartOf":{"@id":"https:\/\/www.allwecando.net\/#website"},"primaryImageOfPage":{"@id":"https:\/\/www.allwecando.net\/2019\/04\/07\/overground-dancing-cities-budapest\/#primaryimage"},"image":{"@id":"https:\/\/www.allwecando.net\/2019\/04\/07\/overground-dancing-cities-budapest\/#primaryimage"},"thumbnailUrl":"https:\/\/www.allwecando.net\/wp-content\/uploads\/2019\/05\/AWCD-BUDA-MILANCapture-d\u2019e\u0301cran-2019-01-07-a\u0300-14.20.50-copie.png","datePublished":"2019-04-07T16:11:17+00:00","dateModified":"2021-12-27T11:44:00+00:00","author":{"@id":"https:\/\/www.allwecando.net\/#\/schema\/person\/d0e47918245e0a073b42b0e7ce4382f9"},"breadcrumb":{"@id":"https:\/\/www.allwecando.net\/2019\/04\/07\/overground-dancing-cities-budapest\/#breadcrumb"},"inLanguage":"fr-FR","potentialAction":[{"@type":"ReadAction","target":["https:\/\/www.allwecando.net\/2019\/04\/07\/overground-dancing-cities-budapest\/"]}]},{"@type":"ImageObject","inLanguage":"fr-FR","@id":"https:\/\/www.allwecando.net\/2019\/04\/07\/overground-dancing-cities-budapest\/#primaryimage","url":"https:\/\/www.allwecando.net\/wp-content\/uploads\/2019\/05\/AWCD-BUDA-MILANCapture-d\u2019e\u0301cran-2019-01-07-a\u0300-14.20.50-copie.png","contentUrl":"https:\/\/www.allwecando.net\/wp-content\/uploads\/2019\/05\/AWCD-BUDA-MILANCapture-d\u2019e\u0301cran-2019-01-07-a\u0300-14.20.50-copie.png","width":1280,"height":544},{"@type":"BreadcrumbList","@id":"https:\/\/www.allwecando.net\/2019\/04\/07\/overground-dancing-cities-budapest\/#breadcrumb","itemListElement":[{"@type":"ListItem","position":1,"name":"Home","item":"https:\/\/www.allwecando.net\/fr\/"},{"@type":"ListItem","position":2,"name":"Overground &#8211; Dancing Cities Budapest"}]},{"@type":"WebSite","@id":"https:\/\/www.allwecando.net\/#website","url":"https:\/\/www.allwecando.net\/","name":"ALL WE CAN DO","description":"","potentialAction":[{"@type":"SearchAction","target":{"@type":"EntryPoint","urlTemplate":"https:\/\/www.allwecando.net\/?s={search_term_string}"},"query-input":{"@type":"PropertyValueSpecification","valueRequired":true,"valueName":"search_term_string"}}],"inLanguage":"fr-FR"},{"@type":"Person","@id":"https:\/\/www.allwecando.net\/#\/schema\/person\/d0e47918245e0a073b42b0e7ce4382f9","name":"thibaut","image":{"@type":"ImageObject","inLanguage":"fr-FR","@id":"https:\/\/www.allwecando.net\/#\/schema\/person\/image\/","url":"https:\/\/secure.gravatar.com\/avatar\/8e71894ccdc67c7c8aadae68a5e00ab79e6b5ccaa4ee281d993644113e6cd018?s=96&d=mm&r=g","contentUrl":"https:\/\/secure.gravatar.com\/avatar\/8e71894ccdc67c7c8aadae68a5e00ab79e6b5ccaa4ee281d993644113e6cd018?s=96&d=mm&r=g","caption":"thibaut"},"url":"https:\/\/www.allwecando.net\/fr\/author\/thibaut\/"}]}},"_links":{"self":[{"href":"https:\/\/www.allwecando.net\/fr\/wp-json\/wp\/v2\/posts\/3023","targetHints":{"allow":["GET"]}}],"collection":[{"href":"https:\/\/www.allwecando.net\/fr\/wp-json\/wp\/v2\/posts"}],"about":[{"href":"https:\/\/www.allwecando.net\/fr\/wp-json\/wp\/v2\/types\/post"}],"author":[{"embeddable":true,"href":"https:\/\/www.allwecando.net\/fr\/wp-json\/wp\/v2\/users\/3"}],"replies":[{"embeddable":true,"href":"https:\/\/www.allwecando.net\/fr\/wp-json\/wp\/v2\/comments?post=3023"}],"version-history":[{"count":0,"href":"https:\/\/www.allwecando.net\/fr\/wp-json\/wp\/v2\/posts\/3023\/revisions"}],"wp:featuredmedia":[{"embeddable":true,"href":"https:\/\/www.allwecando.net\/fr\/wp-json\/wp\/v2\/media\/3024"}],"wp:attachment":[{"href":"https:\/\/www.allwecando.net\/fr\/wp-json\/wp\/v2\/media?parent=3023"}],"wp:term":[{"taxonomy":"category","embeddable":true,"href":"https:\/\/www.allwecando.net\/fr\/wp-json\/wp\/v2\/categories?post=3023"},{"taxonomy":"post_tag","embeddable":true,"href":"https:\/\/www.allwecando.net\/fr\/wp-json\/wp\/v2\/tags?post=3023"}],"curies":[{"name":"wp","href":"https:\/\/api.w.org\/{rel}","templated":true}]}}