{"id":404,"date":"2014-09-25T16:15:16","date_gmt":"2014-09-25T15:15:16","guid":{"rendered":"https:\/\/www.allwecando.net\/2014\/09\/25\/simon-tanguy-aloun-marchal-roger-sala-reyner-2\/"},"modified":"2019-02-09T17:50:59","modified_gmt":"2019-02-09T16:50:59","slug":"simon-tanguy-aloun-marchal-roger-sala-reyner","status":"publish","type":"post","link":"https:\/\/www.allwecando.net\/fr\/2014\/09\/25\/simon-tanguy-aloun-marchal-roger-sala-reyner\/","title":{"rendered":"SIMON TANGUY \/ ALOUN MARCHAL \/ ROGER SALA REYNER"},"content":{"rendered":"<p>10h, rendez vous pour le tournage d\u2019une s\u00e9quence pas comme les autres. Tout juste sortie du lit, Simon, Aloun, Roger se lancent dans une chor\u00e9graphie improvis\u00e9e surr\u00e9aliste\u2026<\/p>\n<p>On peut les retrouver sur les planches dans leur cr\u00e9ation Gerro, Minos and Him<\/p>\n<p>http:\/\/www.simontanguy.com\/gerrominosandhim.html<\/p>\n","protected":false},"excerpt":{"rendered":"<p>10h, rendez vous pour le tournage d\u2019une s\u00e9quence pas comme les autres. Tout juste sortie du lit, Simon, Aloun, Roger se lancent dans une chor\u00e9graphie improvis\u00e9e surr\u00e9aliste\u2026 On peut les retrouver sur les planches dans leur cr\u00e9ation Gerro, Minos and Him http:\/\/www.simontanguy.com\/gerrominosandhim.html<\/p>\n","protected":false},"author":3,"featured_media":403,"comment_status":"open","ping_status":"open","sticky":false,"template":"","format":"standard","meta":{"_acf_changed":false,"footnotes":""},"categories":[17],"tags":[1223,1541],"class_list":["post-404","post","type-post","status-publish","format-standard","has-post-thumbnail","hentry","category-all-we-can-do-is-dance-fr","tag-all-we-can-do-is-dance-fr","tag-video-de-danse-fr"],"acf":[],"yoast_head":"<!-- This site is optimized with the Yoast SEO plugin v25.3.1 - https:\/\/yoast.com\/wordpress\/plugins\/seo\/ -->\n<title>SIMON TANGUY \/ ALOUN MARCHAL \/ ROGER SALA REYNER - ALL WE CAN DO<\/title>\n<meta name=\"robots\" content=\"index, follow, max-snippet:-1, max-image-preview:large, max-video-preview:-1\" \/>\n<link rel=\"canonical\" href=\"https:\/\/www.allwecando.net\/2014\/09\/25\/simon-tanguy-aloun-marchal-roger-sala-reyner\/\" \/>\n<meta property=\"og:locale\" content=\"fr_FR\" \/>\n<meta property=\"og:type\" content=\"article\" \/>\n<meta property=\"og:title\" content=\"SIMON TANGUY \/ ALOUN MARCHAL \/ ROGER SALA REYNER - ALL WE CAN DO\" \/>\n<meta property=\"og:description\" content=\"10h, rendez vous pour le tournage d\u2019une s\u00e9quence pas comme les autres. Tout juste sortie du lit, Simon, Aloun, Roger se lancent dans une chor\u00e9graphie improvis\u00e9e surr\u00e9aliste\u2026 On peut les retrouver sur les planches dans leur cr\u00e9ation Gerro, Minos and Him http:\/\/www.simontanguy.com\/gerrominosandhim.html\" \/>\n<meta property=\"og:url\" content=\"https:\/\/www.allwecando.net\/2014\/09\/25\/simon-tanguy-aloun-marchal-roger-sala-reyner\/\" \/>\n<meta property=\"og:site_name\" content=\"ALL WE CAN DO\" \/>\n<meta property=\"article:published_time\" content=\"2014-09-25T15:15:16+00:00\" \/>\n<meta property=\"article:modified_time\" content=\"2019-02-09T16:50:59+00:00\" \/>\n<meta property=\"og:image\" content=\"https:\/\/www.allwecando.net\/wp-content\/uploads\/2014\/09\/AWCD-SIMON-TANGUY.jpg\" \/>\n\t<meta property=\"og:image:width\" content=\"1440\" \/>\n\t<meta property=\"og:image:height\" content=\"681\" \/>\n\t<meta property=\"og:image:type\" content=\"image\/jpeg\" \/>\n<meta name=\"author\" content=\"thibaut\" \/>\n<meta name=\"twitter:card\" content=\"summary_large_image\" \/>\n<meta name=\"twitter:label1\" content=\"\u00c9crit par\" \/>\n\t<meta name=\"twitter:data1\" content=\"thibaut\" \/>\n<script type=\"application\/ld+json\" class=\"yoast-schema-graph\">{\"@context\":\"https:\/\/schema.org\",\"@graph\":[{\"@type\":\"WebPage\",\"@id\":\"https:\/\/www.allwecando.net\/2014\/09\/25\/simon-tanguy-aloun-marchal-roger-sala-reyner\/\",\"url\":\"https:\/\/www.allwecando.net\/2014\/09\/25\/simon-tanguy-aloun-marchal-roger-sala-reyner\/\",\"name\":\"SIMON TANGUY \/ ALOUN MARCHAL \/ ROGER SALA REYNER - ALL WE CAN DO\",\"isPartOf\":{\"@id\":\"https:\/\/www.allwecando.net\/#website\"},\"primaryImageOfPage\":{\"@id\":\"https:\/\/www.allwecando.net\/2014\/09\/25\/simon-tanguy-aloun-marchal-roger-sala-reyner\/#primaryimage\"},\"image\":{\"@id\":\"https:\/\/www.allwecando.net\/2014\/09\/25\/simon-tanguy-aloun-marchal-roger-sala-reyner\/#primaryimage\"},\"thumbnailUrl\":\"https:\/\/www.allwecando.net\/wp-content\/uploads\/2014\/09\/AWCD-SIMON-TANGUY.jpg\",\"datePublished\":\"2014-09-25T15:15:16+00:00\",\"dateModified\":\"2019-02-09T16:50:59+00:00\",\"author\":{\"@id\":\"https:\/\/www.allwecando.net\/#\/schema\/person\/d0e47918245e0a073b42b0e7ce4382f9\"},\"breadcrumb\":{\"@id\":\"https:\/\/www.allwecando.net\/2014\/09\/25\/simon-tanguy-aloun-marchal-roger-sala-reyner\/#breadcrumb\"},\"inLanguage\":\"fr-FR\",\"potentialAction\":[{\"@type\":\"ReadAction\",\"target\":[\"https:\/\/www.allwecando.net\/2014\/09\/25\/simon-tanguy-aloun-marchal-roger-sala-reyner\/\"]}]},{\"@type\":\"ImageObject\",\"inLanguage\":\"fr-FR\",\"@id\":\"https:\/\/www.allwecando.net\/2014\/09\/25\/simon-tanguy-aloun-marchal-roger-sala-reyner\/#primaryimage\",\"url\":\"https:\/\/www.allwecando.net\/wp-content\/uploads\/2014\/09\/AWCD-SIMON-TANGUY.jpg\",\"contentUrl\":\"https:\/\/www.allwecando.net\/wp-content\/uploads\/2014\/09\/AWCD-SIMON-TANGUY.jpg\",\"width\":1440,\"height\":681},{\"@type\":\"BreadcrumbList\",\"@id\":\"https:\/\/www.allwecando.net\/2014\/09\/25\/simon-tanguy-aloun-marchal-roger-sala-reyner\/#breadcrumb\",\"itemListElement\":[{\"@type\":\"ListItem\",\"position\":1,\"name\":\"Home\",\"item\":\"https:\/\/www.allwecando.net\/fr\/\"},{\"@type\":\"ListItem\",\"position\":2,\"name\":\"SIMON TANGUY \/ ALOUN MARCHAL \/ ROGER SALA REYNER\"}]},{\"@type\":\"WebSite\",\"@id\":\"https:\/\/www.allwecando.net\/#website\",\"url\":\"https:\/\/www.allwecando.net\/\",\"name\":\"ALL WE CAN DO\",\"description\":\"\",\"potentialAction\":[{\"@type\":\"SearchAction\",\"target\":{\"@type\":\"EntryPoint\",\"urlTemplate\":\"https:\/\/www.allwecando.net\/?s={search_term_string}\"},\"query-input\":{\"@type\":\"PropertyValueSpecification\",\"valueRequired\":true,\"valueName\":\"search_term_string\"}}],\"inLanguage\":\"fr-FR\"},{\"@type\":\"Person\",\"@id\":\"https:\/\/www.allwecando.net\/#\/schema\/person\/d0e47918245e0a073b42b0e7ce4382f9\",\"name\":\"thibaut\",\"image\":{\"@type\":\"ImageObject\",\"inLanguage\":\"fr-FR\",\"@id\":\"https:\/\/www.allwecando.net\/#\/schema\/person\/image\/\",\"url\":\"https:\/\/secure.gravatar.com\/avatar\/8e71894ccdc67c7c8aadae68a5e00ab79e6b5ccaa4ee281d993644113e6cd018?s=96&d=mm&r=g\",\"contentUrl\":\"https:\/\/secure.gravatar.com\/avatar\/8e71894ccdc67c7c8aadae68a5e00ab79e6b5ccaa4ee281d993644113e6cd018?s=96&d=mm&r=g\",\"caption\":\"thibaut\"},\"url\":\"https:\/\/www.allwecando.net\/fr\/author\/thibaut\/\"}]}<\/script>\n<!-- \/ Yoast SEO plugin. -->","yoast_head_json":{"title":"SIMON TANGUY \/ ALOUN MARCHAL \/ ROGER SALA REYNER - ALL WE CAN DO","robots":{"index":"index","follow":"follow","max-snippet":"max-snippet:-1","max-image-preview":"max-image-preview:large","max-video-preview":"max-video-preview:-1"},"canonical":"https:\/\/www.allwecando.net\/2014\/09\/25\/simon-tanguy-aloun-marchal-roger-sala-reyner\/","og_locale":"fr_FR","og_type":"article","og_title":"SIMON TANGUY \/ ALOUN MARCHAL \/ ROGER SALA REYNER - ALL WE CAN DO","og_description":"10h, rendez vous pour le tournage d\u2019une s\u00e9quence pas comme les autres. Tout juste sortie du lit, Simon, Aloun, Roger se lancent dans une chor\u00e9graphie improvis\u00e9e surr\u00e9aliste\u2026 On peut les retrouver sur les planches dans leur cr\u00e9ation Gerro, Minos and Him http:\/\/www.simontanguy.com\/gerrominosandhim.html","og_url":"https:\/\/www.allwecando.net\/2014\/09\/25\/simon-tanguy-aloun-marchal-roger-sala-reyner\/","og_site_name":"ALL WE CAN DO","article_published_time":"2014-09-25T15:15:16+00:00","article_modified_time":"2019-02-09T16:50:59+00:00","og_image":[{"width":1440,"height":681,"url":"https:\/\/www.allwecando.net\/wp-content\/uploads\/2014\/09\/AWCD-SIMON-TANGUY.jpg","type":"image\/jpeg"}],"author":"thibaut","twitter_card":"summary_large_image","twitter_misc":{"\u00c9crit par":"thibaut"},"schema":{"@context":"https:\/\/schema.org","@graph":[{"@type":"WebPage","@id":"https:\/\/www.allwecando.net\/2014\/09\/25\/simon-tanguy-aloun-marchal-roger-sala-reyner\/","url":"https:\/\/www.allwecando.net\/2014\/09\/25\/simon-tanguy-aloun-marchal-roger-sala-reyner\/","name":"SIMON TANGUY \/ ALOUN MARCHAL \/ ROGER SALA REYNER - ALL WE CAN DO","isPartOf":{"@id":"https:\/\/www.allwecando.net\/#website"},"primaryImageOfPage":{"@id":"https:\/\/www.allwecando.net\/2014\/09\/25\/simon-tanguy-aloun-marchal-roger-sala-reyner\/#primaryimage"},"image":{"@id":"https:\/\/www.allwecando.net\/2014\/09\/25\/simon-tanguy-aloun-marchal-roger-sala-reyner\/#primaryimage"},"thumbnailUrl":"https:\/\/www.allwecando.net\/wp-content\/uploads\/2014\/09\/AWCD-SIMON-TANGUY.jpg","datePublished":"2014-09-25T15:15:16+00:00","dateModified":"2019-02-09T16:50:59+00:00","author":{"@id":"https:\/\/www.allwecando.net\/#\/schema\/person\/d0e47918245e0a073b42b0e7ce4382f9"},"breadcrumb":{"@id":"https:\/\/www.allwecando.net\/2014\/09\/25\/simon-tanguy-aloun-marchal-roger-sala-reyner\/#breadcrumb"},"inLanguage":"fr-FR","potentialAction":[{"@type":"ReadAction","target":["https:\/\/www.allwecando.net\/2014\/09\/25\/simon-tanguy-aloun-marchal-roger-sala-reyner\/"]}]},{"@type":"ImageObject","inLanguage":"fr-FR","@id":"https:\/\/www.allwecando.net\/2014\/09\/25\/simon-tanguy-aloun-marchal-roger-sala-reyner\/#primaryimage","url":"https:\/\/www.allwecando.net\/wp-content\/uploads\/2014\/09\/AWCD-SIMON-TANGUY.jpg","contentUrl":"https:\/\/www.allwecando.net\/wp-content\/uploads\/2014\/09\/AWCD-SIMON-TANGUY.jpg","width":1440,"height":681},{"@type":"BreadcrumbList","@id":"https:\/\/www.allwecando.net\/2014\/09\/25\/simon-tanguy-aloun-marchal-roger-sala-reyner\/#breadcrumb","itemListElement":[{"@type":"ListItem","position":1,"name":"Home","item":"https:\/\/www.allwecando.net\/fr\/"},{"@type":"ListItem","position":2,"name":"SIMON TANGUY \/ ALOUN MARCHAL \/ ROGER SALA REYNER"}]},{"@type":"WebSite","@id":"https:\/\/www.allwecando.net\/#website","url":"https:\/\/www.allwecando.net\/","name":"ALL WE CAN DO","description":"","potentialAction":[{"@type":"SearchAction","target":{"@type":"EntryPoint","urlTemplate":"https:\/\/www.allwecando.net\/?s={search_term_string}"},"query-input":{"@type":"PropertyValueSpecification","valueRequired":true,"valueName":"search_term_string"}}],"inLanguage":"fr-FR"},{"@type":"Person","@id":"https:\/\/www.allwecando.net\/#\/schema\/person\/d0e47918245e0a073b42b0e7ce4382f9","name":"thibaut","image":{"@type":"ImageObject","inLanguage":"fr-FR","@id":"https:\/\/www.allwecando.net\/#\/schema\/person\/image\/","url":"https:\/\/secure.gravatar.com\/avatar\/8e71894ccdc67c7c8aadae68a5e00ab79e6b5ccaa4ee281d993644113e6cd018?s=96&d=mm&r=g","contentUrl":"https:\/\/secure.gravatar.com\/avatar\/8e71894ccdc67c7c8aadae68a5e00ab79e6b5ccaa4ee281d993644113e6cd018?s=96&d=mm&r=g","caption":"thibaut"},"url":"https:\/\/www.allwecando.net\/fr\/author\/thibaut\/"}]}},"_links":{"self":[{"href":"https:\/\/www.allwecando.net\/fr\/wp-json\/wp\/v2\/posts\/404","targetHints":{"allow":["GET"]}}],"collection":[{"href":"https:\/\/www.allwecando.net\/fr\/wp-json\/wp\/v2\/posts"}],"about":[{"href":"https:\/\/www.allwecando.net\/fr\/wp-json\/wp\/v2\/types\/post"}],"author":[{"embeddable":true,"href":"https:\/\/www.allwecando.net\/fr\/wp-json\/wp\/v2\/users\/3"}],"replies":[{"embeddable":true,"href":"https:\/\/www.allwecando.net\/fr\/wp-json\/wp\/v2\/comments?post=404"}],"version-history":[{"count":0,"href":"https:\/\/www.allwecando.net\/fr\/wp-json\/wp\/v2\/posts\/404\/revisions"}],"wp:featuredmedia":[{"embeddable":true,"href":"https:\/\/www.allwecando.net\/fr\/wp-json\/wp\/v2\/media\/403"}],"wp:attachment":[{"href":"https:\/\/www.allwecando.net\/fr\/wp-json\/wp\/v2\/media?parent=404"}],"wp:term":[{"taxonomy":"category","embeddable":true,"href":"https:\/\/www.allwecando.net\/fr\/wp-json\/wp\/v2\/categories?post=404"},{"taxonomy":"post_tag","embeddable":true,"href":"https:\/\/www.allwecando.net\/fr\/wp-json\/wp\/v2\/tags?post=404"}],"curies":[{"name":"wp","href":"https:\/\/api.w.org\/{rel}","templated":true}]}}