{"id":74,"date":"2012-09-19T10:00:28","date_gmt":"2012-09-19T09:00:28","guid":{"rendered":"https:\/\/www.allwecando.net\/awcd\/?p=74"},"modified":"2019-02-09T17:15:56","modified_gmt":"2019-02-09T16:15:56","slug":"thomas-guerry","status":"publish","type":"post","link":"https:\/\/www.allwecando.net\/fr\/2012\/09\/19\/thomas-guerry\/","title":{"rendered":"THOMAS GUERRY"},"content":{"rendered":"<p style=\"text-align: justify;\">Le rendez vous est donn\u00e9 \u00e0 Thomas sur le plateau de la croix Rousse, \u00e0 Lyon. Thomas habite ce quartier depuis longtemps, le choix du lieu nous a sembl\u00e9 comme une \u00e9vidence. Nous marchons en direction de l&rsquo;esplanade, une petite place d&rsquo;o\u00f9 on peut admirer la ville d&rsquo;en haut. Nous \u00e9changeons quelques mots sur la mani\u00e8re de tourner ces premi\u00e8res images. Arriv\u00e9s sur l&rsquo;esplanade, un dernier arbre semble r\u00e9sister au b\u00e9ton\u2026 Il sera notre support pour notre s\u00e9quence\u2026 Le soleil se m\u00eale \u00e0 la partie et sublime l&rsquo;image de cet instant.<span style=\"line-height: 1.5em;\">\u00a0<\/span><\/p>\n<p style=\"text-align: justify;\">Thomas GUERRY &#8211;\u00a0Chor\u00e9graphe \/ Metteur en sc\u00e8ne<\/p>\n<p style=\"text-align: justify;\">N\u00e9 en 1978, il se forme au Conservatoire National de R\u00e9gion de Lyon puis au Conservatoire National Sup\u00e9rieur de Musique et de Danse de Lyon. Il affine sa formation aupr\u00e8s d\u2019Odile Duboc, Fabrice Ramalingom, H\u00e9l\u00e8ne Cathala, Betty Jones&#8230;<\/p>\n<p style=\"text-align: justify;\">En 1999, il entre au Skanes Dance Theater en Su\u00e8de. Il danse ensuite pour les Carnets Bagouet\u00a0<em>(Meubl\u00e9 Sommairement\u00a0<\/em>en 2000,\u00a0<em>Mati\u00e8re Premi\u00e8re\u00a0<\/em>en 2002), la Cie La Veilleuse\/Christine Jouve (<em>Les All\u00e9es et venues\u00a0<\/em>en 2000,\u00a0<em>Dehors\u00a0<\/em>en 2002), avec Bernard Glandier\u00a0<em>(Le Roi des Bons<\/em>), Thomas Lebrun (<em>On prendra bien le temps d\u2019y \u00eatre\u00a0<\/em>en 2001,\u00a0<em>La Tr\u00e8ve(s)\u00a0<\/em>en 2004,\u00a0<em>What you Want\u00a0<\/em>en 2006 et\u00a0<em>Switch\u00a0<\/em>en 2007.<\/p>\n<p style=\"text-align: justify;\">Fin 2000, il fonde la Compagnie ARCOSM avec Camille Rocailleux et cr\u00e9e la pi\u00e8ce\u00a0<strong>ECHOA\u00a0<\/strong>en Novembre 2001.<\/p>\n<p style=\"text-align: justify;\">Il participe \u00e0 la chor\u00e9graphie du spectacle Carnets de Note de l\u2019Ensemble Odyss\u00e9e (2003). Il cho- r\u00e9graphie avec Sylvie Giron la variation du Dipl\u00f4me d\u2019Etat par l\u2019EAT (2004).<\/p>\n<p style=\"text-align: justify;\">Int\u00e9ress\u00e9 par la relation musique\/danse, il s\u2019associe au trio Bump (percussions) afin de mettre en sc\u00e8ne le spectacle\u00a0<em>Troie\u00a0<\/em>en 2004, r\u00e9unissant la musique, le th\u00e9\u00e2tre et la danse.<\/p>\n<p style=\"text-align: justify;\">En 2006, il cr\u00e9e avec Camille Rocailleux\u00a0<strong>LISA\u00a0<\/strong>pour la compagnie ARCOSM. En 2008, il est invit\u00e9 au sein des Carnets Bagouet afin de remonter une pi\u00e8ce du r\u00e9pertoire :\u00a0<em>Les petites pi\u00e8ces de Berlin\u00a0<\/em>pour le Ballet de Nancy, et par l\u2019Ensemble Odyss\u00e9e pour mettre en sc\u00e8ne leur cr\u00e9ation,\u00a0<em>Le Concert Interdit<\/em>. En 2009, Il se concentre sur l\u2019\u00e9criture de la nouvelle pi\u00e8ce de la Cie ARCOSM avec Camille Rocailleux,\u00a0<strong>LA M\u00c9CANIQUE DES ANGES<\/strong>, et en 2011, il cr\u00e9\u00e9 la pi\u00e8ce\u00a0<strong>TRAVERSE<\/strong>. Thomas travaille actuellement \u00e0 la cr\u00e9ation du spectacle\u00a0<strong>SOLONELY\u00a0<\/strong>(premi\u00e8res en novembre 2012).<\/p>\n<p style=\"text-align: justify;\">Il co-\u00e9crit avec Bertrand Guerry, un sc\u00e9nario de long-m\u00e9trage intitul\u00e9\u00a0<em>La Boite en fer rouge\u00a0<\/em>(projet en d\u00e9veloppement). En 2011, Il signe la co-\u00e9criture de\u00a0<em>Back Home<\/em>, un sc\u00e9nario de long-m\u00e9trage en collaboration avec Bertrand Guerry. Son travail chor\u00e9graphique apporte notamment au sc\u00e9nario un regard aiguis\u00e9 sur la destruction du corps du personnage principal.<\/p>\n<p style=\"text-align: justify;\">Thomas Guerry est actuellement en r\u00e9sidence au D\u00f4me d&rsquo;Albertville jusqu&rsquo;au 6 Octobre 2012 o\u00f9 il continue de travailler sur la nouvelle cr\u00e9ation de la Cie Arcosm : Solonely, un duo avec Camille Rocailleux.<\/p>\n<p style=\"text-align: justify;\">\n","protected":false},"excerpt":{"rendered":"<p>Le rendez vous est donn\u00e9 \u00e0 Thomas sur le plateau de la croix Rousse, \u00e0 Lyon. Thomas habite ce quartier depuis longtemps, le choix du lieu nous a sembl\u00e9 comme une \u00e9vidence. Nous marchons en direction de l&rsquo;esplanade, une petite place d&rsquo;o\u00f9 on peut admirer la ville d&rsquo;en haut. Nous \u00e9changeons quelques mots sur la [&hellip;]<\/p>\n","protected":false},"author":3,"featured_media":195,"comment_status":"open","ping_status":"open","sticky":false,"template":"","format":"standard","meta":{"_acf_changed":false,"footnotes":""},"categories":[17],"tags":[],"class_list":["post-74","post","type-post","status-publish","format-standard","has-post-thumbnail","hentry","category-all-we-can-do-is-dance-fr"],"acf":[],"yoast_head":"<!-- This site is optimized with the Yoast SEO plugin v25.3.1 - https:\/\/yoast.com\/wordpress\/plugins\/seo\/ -->\n<title>THOMAS GUERRY - ALL WE CAN DO<\/title>\n<meta name=\"robots\" content=\"index, follow, max-snippet:-1, max-image-preview:large, max-video-preview:-1\" \/>\n<link rel=\"canonical\" href=\"https:\/\/www.allwecando.net\/2012\/09\/19\/thomas-guerry\/\" \/>\n<meta property=\"og:locale\" content=\"fr_FR\" \/>\n<meta property=\"og:type\" content=\"article\" \/>\n<meta property=\"og:title\" content=\"THOMAS GUERRY - ALL WE CAN DO\" \/>\n<meta property=\"og:description\" content=\"Le rendez vous est donn\u00e9 \u00e0 Thomas sur le plateau de la croix Rousse, \u00e0 Lyon. Thomas habite ce quartier depuis longtemps, le choix du lieu nous a sembl\u00e9 comme une \u00e9vidence. Nous marchons en direction de l&rsquo;esplanade, une petite place d&rsquo;o\u00f9 on peut admirer la ville d&rsquo;en haut. Nous \u00e9changeons quelques mots sur la [&hellip;]\" \/>\n<meta property=\"og:url\" content=\"https:\/\/www.allwecando.net\/2012\/09\/19\/thomas-guerry\/\" \/>\n<meta property=\"og:site_name\" content=\"ALL WE CAN DO\" \/>\n<meta property=\"article:published_time\" content=\"2012-09-19T09:00:28+00:00\" \/>\n<meta property=\"article:modified_time\" content=\"2019-02-09T16:15:56+00:00\" \/>\n<meta property=\"og:image\" content=\"https:\/\/www.allwecando.net\/wp-content\/uploads\/2014\/03\/AWCD-33.jpg\" \/>\n\t<meta property=\"og:image:width\" content=\"1440\" \/>\n\t<meta property=\"og:image:height\" content=\"724\" \/>\n\t<meta property=\"og:image:type\" content=\"image\/jpeg\" \/>\n<meta name=\"author\" content=\"thibaut\" \/>\n<meta name=\"twitter:card\" content=\"summary_large_image\" \/>\n<meta name=\"twitter:label1\" content=\"\u00c9crit par\" \/>\n\t<meta name=\"twitter:data1\" content=\"thibaut\" \/>\n\t<meta name=\"twitter:label2\" content=\"Dur\u00e9e de lecture estim\u00e9e\" \/>\n\t<meta name=\"twitter:data2\" content=\"2 minutes\" \/>\n<script type=\"application\/ld+json\" class=\"yoast-schema-graph\">{\"@context\":\"https:\/\/schema.org\",\"@graph\":[{\"@type\":\"WebPage\",\"@id\":\"https:\/\/www.allwecando.net\/2012\/09\/19\/thomas-guerry\/\",\"url\":\"https:\/\/www.allwecando.net\/2012\/09\/19\/thomas-guerry\/\",\"name\":\"THOMAS GUERRY - ALL WE CAN DO\",\"isPartOf\":{\"@id\":\"https:\/\/www.allwecando.net\/#website\"},\"primaryImageOfPage\":{\"@id\":\"https:\/\/www.allwecando.net\/2012\/09\/19\/thomas-guerry\/#primaryimage\"},\"image\":{\"@id\":\"https:\/\/www.allwecando.net\/2012\/09\/19\/thomas-guerry\/#primaryimage\"},\"thumbnailUrl\":\"https:\/\/www.allwecando.net\/wp-content\/uploads\/2014\/03\/AWCD-33.jpg\",\"datePublished\":\"2012-09-19T09:00:28+00:00\",\"dateModified\":\"2019-02-09T16:15:56+00:00\",\"author\":{\"@id\":\"https:\/\/www.allwecando.net\/#\/schema\/person\/d0e47918245e0a073b42b0e7ce4382f9\"},\"breadcrumb\":{\"@id\":\"https:\/\/www.allwecando.net\/2012\/09\/19\/thomas-guerry\/#breadcrumb\"},\"inLanguage\":\"fr-FR\",\"potentialAction\":[{\"@type\":\"ReadAction\",\"target\":[\"https:\/\/www.allwecando.net\/2012\/09\/19\/thomas-guerry\/\"]}]},{\"@type\":\"ImageObject\",\"inLanguage\":\"fr-FR\",\"@id\":\"https:\/\/www.allwecando.net\/2012\/09\/19\/thomas-guerry\/#primaryimage\",\"url\":\"https:\/\/www.allwecando.net\/wp-content\/uploads\/2014\/03\/AWCD-33.jpg\",\"contentUrl\":\"https:\/\/www.allwecando.net\/wp-content\/uploads\/2014\/03\/AWCD-33.jpg\",\"width\":1440,\"height\":724},{\"@type\":\"BreadcrumbList\",\"@id\":\"https:\/\/www.allwecando.net\/2012\/09\/19\/thomas-guerry\/#breadcrumb\",\"itemListElement\":[{\"@type\":\"ListItem\",\"position\":1,\"name\":\"Home\",\"item\":\"https:\/\/www.allwecando.net\/fr\/\"},{\"@type\":\"ListItem\",\"position\":2,\"name\":\"THOMAS GUERRY\"}]},{\"@type\":\"WebSite\",\"@id\":\"https:\/\/www.allwecando.net\/#website\",\"url\":\"https:\/\/www.allwecando.net\/\",\"name\":\"ALL WE CAN DO\",\"description\":\"\",\"potentialAction\":[{\"@type\":\"SearchAction\",\"target\":{\"@type\":\"EntryPoint\",\"urlTemplate\":\"https:\/\/www.allwecando.net\/?s={search_term_string}\"},\"query-input\":{\"@type\":\"PropertyValueSpecification\",\"valueRequired\":true,\"valueName\":\"search_term_string\"}}],\"inLanguage\":\"fr-FR\"},{\"@type\":\"Person\",\"@id\":\"https:\/\/www.allwecando.net\/#\/schema\/person\/d0e47918245e0a073b42b0e7ce4382f9\",\"name\":\"thibaut\",\"image\":{\"@type\":\"ImageObject\",\"inLanguage\":\"fr-FR\",\"@id\":\"https:\/\/www.allwecando.net\/#\/schema\/person\/image\/\",\"url\":\"https:\/\/secure.gravatar.com\/avatar\/8e71894ccdc67c7c8aadae68a5e00ab79e6b5ccaa4ee281d993644113e6cd018?s=96&d=mm&r=g\",\"contentUrl\":\"https:\/\/secure.gravatar.com\/avatar\/8e71894ccdc67c7c8aadae68a5e00ab79e6b5ccaa4ee281d993644113e6cd018?s=96&d=mm&r=g\",\"caption\":\"thibaut\"},\"url\":\"https:\/\/www.allwecando.net\/fr\/author\/thibaut\/\"}]}<\/script>\n<!-- \/ Yoast SEO plugin. -->","yoast_head_json":{"title":"THOMAS GUERRY - ALL WE CAN DO","robots":{"index":"index","follow":"follow","max-snippet":"max-snippet:-1","max-image-preview":"max-image-preview:large","max-video-preview":"max-video-preview:-1"},"canonical":"https:\/\/www.allwecando.net\/2012\/09\/19\/thomas-guerry\/","og_locale":"fr_FR","og_type":"article","og_title":"THOMAS GUERRY - ALL WE CAN DO","og_description":"Le rendez vous est donn\u00e9 \u00e0 Thomas sur le plateau de la croix Rousse, \u00e0 Lyon. Thomas habite ce quartier depuis longtemps, le choix du lieu nous a sembl\u00e9 comme une \u00e9vidence. Nous marchons en direction de l&rsquo;esplanade, une petite place d&rsquo;o\u00f9 on peut admirer la ville d&rsquo;en haut. Nous \u00e9changeons quelques mots sur la [&hellip;]","og_url":"https:\/\/www.allwecando.net\/2012\/09\/19\/thomas-guerry\/","og_site_name":"ALL WE CAN DO","article_published_time":"2012-09-19T09:00:28+00:00","article_modified_time":"2019-02-09T16:15:56+00:00","og_image":[{"width":1440,"height":724,"url":"https:\/\/www.allwecando.net\/wp-content\/uploads\/2014\/03\/AWCD-33.jpg","type":"image\/jpeg"}],"author":"thibaut","twitter_card":"summary_large_image","twitter_misc":{"\u00c9crit par":"thibaut","Dur\u00e9e de lecture estim\u00e9e":"2 minutes"},"schema":{"@context":"https:\/\/schema.org","@graph":[{"@type":"WebPage","@id":"https:\/\/www.allwecando.net\/2012\/09\/19\/thomas-guerry\/","url":"https:\/\/www.allwecando.net\/2012\/09\/19\/thomas-guerry\/","name":"THOMAS GUERRY - ALL WE CAN DO","isPartOf":{"@id":"https:\/\/www.allwecando.net\/#website"},"primaryImageOfPage":{"@id":"https:\/\/www.allwecando.net\/2012\/09\/19\/thomas-guerry\/#primaryimage"},"image":{"@id":"https:\/\/www.allwecando.net\/2012\/09\/19\/thomas-guerry\/#primaryimage"},"thumbnailUrl":"https:\/\/www.allwecando.net\/wp-content\/uploads\/2014\/03\/AWCD-33.jpg","datePublished":"2012-09-19T09:00:28+00:00","dateModified":"2019-02-09T16:15:56+00:00","author":{"@id":"https:\/\/www.allwecando.net\/#\/schema\/person\/d0e47918245e0a073b42b0e7ce4382f9"},"breadcrumb":{"@id":"https:\/\/www.allwecando.net\/2012\/09\/19\/thomas-guerry\/#breadcrumb"},"inLanguage":"fr-FR","potentialAction":[{"@type":"ReadAction","target":["https:\/\/www.allwecando.net\/2012\/09\/19\/thomas-guerry\/"]}]},{"@type":"ImageObject","inLanguage":"fr-FR","@id":"https:\/\/www.allwecando.net\/2012\/09\/19\/thomas-guerry\/#primaryimage","url":"https:\/\/www.allwecando.net\/wp-content\/uploads\/2014\/03\/AWCD-33.jpg","contentUrl":"https:\/\/www.allwecando.net\/wp-content\/uploads\/2014\/03\/AWCD-33.jpg","width":1440,"height":724},{"@type":"BreadcrumbList","@id":"https:\/\/www.allwecando.net\/2012\/09\/19\/thomas-guerry\/#breadcrumb","itemListElement":[{"@type":"ListItem","position":1,"name":"Home","item":"https:\/\/www.allwecando.net\/fr\/"},{"@type":"ListItem","position":2,"name":"THOMAS GUERRY"}]},{"@type":"WebSite","@id":"https:\/\/www.allwecando.net\/#website","url":"https:\/\/www.allwecando.net\/","name":"ALL WE CAN DO","description":"","potentialAction":[{"@type":"SearchAction","target":{"@type":"EntryPoint","urlTemplate":"https:\/\/www.allwecando.net\/?s={search_term_string}"},"query-input":{"@type":"PropertyValueSpecification","valueRequired":true,"valueName":"search_term_string"}}],"inLanguage":"fr-FR"},{"@type":"Person","@id":"https:\/\/www.allwecando.net\/#\/schema\/person\/d0e47918245e0a073b42b0e7ce4382f9","name":"thibaut","image":{"@type":"ImageObject","inLanguage":"fr-FR","@id":"https:\/\/www.allwecando.net\/#\/schema\/person\/image\/","url":"https:\/\/secure.gravatar.com\/avatar\/8e71894ccdc67c7c8aadae68a5e00ab79e6b5ccaa4ee281d993644113e6cd018?s=96&d=mm&r=g","contentUrl":"https:\/\/secure.gravatar.com\/avatar\/8e71894ccdc67c7c8aadae68a5e00ab79e6b5ccaa4ee281d993644113e6cd018?s=96&d=mm&r=g","caption":"thibaut"},"url":"https:\/\/www.allwecando.net\/fr\/author\/thibaut\/"}]}},"_links":{"self":[{"href":"https:\/\/www.allwecando.net\/fr\/wp-json\/wp\/v2\/posts\/74","targetHints":{"allow":["GET"]}}],"collection":[{"href":"https:\/\/www.allwecando.net\/fr\/wp-json\/wp\/v2\/posts"}],"about":[{"href":"https:\/\/www.allwecando.net\/fr\/wp-json\/wp\/v2\/types\/post"}],"author":[{"embeddable":true,"href":"https:\/\/www.allwecando.net\/fr\/wp-json\/wp\/v2\/users\/3"}],"replies":[{"embeddable":true,"href":"https:\/\/www.allwecando.net\/fr\/wp-json\/wp\/v2\/comments?post=74"}],"version-history":[{"count":0,"href":"https:\/\/www.allwecando.net\/fr\/wp-json\/wp\/v2\/posts\/74\/revisions"}],"wp:featuredmedia":[{"embeddable":true,"href":"https:\/\/www.allwecando.net\/fr\/wp-json\/wp\/v2\/media\/195"}],"wp:attachment":[{"href":"https:\/\/www.allwecando.net\/fr\/wp-json\/wp\/v2\/media?parent=74"}],"wp:term":[{"taxonomy":"category","embeddable":true,"href":"https:\/\/www.allwecando.net\/fr\/wp-json\/wp\/v2\/categories?post=74"},{"taxonomy":"post_tag","embeddable":true,"href":"https:\/\/www.allwecando.net\/fr\/wp-json\/wp\/v2\/tags?post=74"}],"curies":[{"name":"wp","href":"https:\/\/api.w.org\/{rel}","templated":true}]}}