{"id":77,"date":"2012-10-01T11:16:39","date_gmt":"2012-10-01T10:16:39","guid":{"rendered":"https:\/\/www.allwecando.net\/awcd\/?p=77"},"modified":"2019-02-09T17:16:41","modified_gmt":"2019-02-09T16:16:41","slug":"aline-braz-da-silva","status":"publish","type":"post","link":"https:\/\/www.allwecando.net\/fr\/2012\/10\/01\/aline-braz-da-silva\/","title":{"rendered":"ALINE BRAZ DA SILVA"},"content":{"rendered":"<p style=\"text-align: justify;\">Je n\u2019avais aucune id\u00e9e d\u2019un lieu o\u00f9 tourner cette s\u00e9quence avec l\u2019\u00e9l\u00e9gante danseuse Aline Braz Da Silva. J\u2019\u00e9tais sur Paris pour assister au dernier spectacle de Marion L\u00e9vy, \u201cDans le ventre du loup\u201d, dans lequel Aline tient un r\u00f4le.\u00a0 A la fin de la repr\u00e9sentation, nous nous entretenons au sujet du tournage du lendemain. Aucun de nous deux n\u2019a une id\u00e9e pr\u00e9cise d\u2019un lieu de tournage pour cette rencontre entre sa danse et ma cam\u00e9ra. Pauline, la r\u00e9gisseuse lumi\u00e8re du spectacle s\u2019invite \u00e0 notre conversation et nous propose de nous emmener d\u00e9couvrir un coin\u00a0 \u201d underground\u201d qu\u2019elle appr\u00e9cie particuli\u00e8rement dans Paris. Elle sera notre guide\u2026 Arriv\u00e9 sur les lieux, nous cherchons un moyen de p\u00e9n\u00e9trer \u00e0 l\u2019int\u00e9rieur, mais apr\u00e8s plusieurs tentatives, nous abandonnons\u2026\u00a0 Nous d\u00e9ciderons alors de nous rabattre sur un tournage \u00e0 l\u2019ext\u00e9rieur du b\u00e2timent\u2026 Une partie me plait tout particuli\u00e8rement et donne aspect\u00a0 \u201cchaos\u201d au d\u00e9cor\u2026 Au lancement du morceau, je n\u2019ai aucune id\u00e9e de ce qu\u2019 Aline va me proposer\u2026.<span style=\"line-height: 1.5em;\">\u00a0<\/span><\/p>\n<p style=\"text-align: justify;\">Aline Braz Da Silva &#8211;\u00a0Danseuse<\/p>\n<p style=\"text-align: justify;\">Form\u00e9e \u00a0 \u00e0 \u00a0 la \u00a0 danse \u00a0 contemporaine \u00a0 par \u00a0 Claude \u00a0 B\u00e9atrix \u00a0 au \u00a0 Centre \u00a0 de \u00a0 danse \u00a0 de \u00a0 Bayeux, \u00a0 Aline \u00a0 remporte \u00a0 de \u00a0 nombreux \u00a0 prix \u00a0 internationaux \u00a0 (concours \u00a0 de \u00a0 Biarritz, \u00a0 Nyon-\u00adGen\u00e9ve, \u00a0FNID \u00a0Paris, \u00a0&#8230;). \u00a0Apr\u00e8s \u00a0un \u00a0passage \u00a0au \u00a0centre \u00a0EPSE-\u00adDanse \u00a0de \u00a0Montpellier, \u00a0elle \u00a0 int\u00e8gre \u00a0 le \u00a0 Conservatoire \u00a0 National \u00a0 Sup\u00e9rieur \u00a0 de \u00a0 Musique \u00a0 et \u00a0 de \u00a0 Danse \u00a0 de \u00a0 Lyon \u00a0 tout \u00a0en \u00a0poursuivant \u00a0sa \u00a0formation \u00a0personnelle \u00a0par \u00a0de \u00a0nombreux \u00a0stages \u00a0et \u00a0rencontres \u00a0 chor\u00e9graphiques \u00a0\u00e0 \u00a0Paris, \u00a0New \u00a0York, \u00a0Londres, \u00a0Toulouse, \u00a0Montpellier, \u00a0Gen\u00e8ve. \u00a0On \u00a0a \u00a0pu \u00a0la \u00a0 voir \u00a0sur \u00a0la \u00a0sc\u00e8ne \u00a0du \u00a0Th\u00e9\u00e2tre \u00a0National \u00a0de \u00a0Chaillot \u00a0dans \u00a0les \u00a0cr\u00e9ations \u00a0<em>En \u00a0Somme \u00a0<\/em>et<em>\u00a0\u00a0Dans le \u00a0Ventre \u00a0du \u00a0Loup<\/em>\u00a0\u00a0de \u00a0Marion \u00a0L\u00e9vy. \u00a0Elle \u00a0rejoint \u00a0la \u00a0Cie \u00a0Etantdonn\u00e9 \u00a0pour \u00a0deux \u00a0cr\u00e9ations \u00a0 Danseur (<em>La \u00a0vitrine<\/em>\u00a0\u00a0et \u00a0<em>Imago \u00a0Opus \u00a02 \u00a0: \u00a0La \u00a0th\u00e9orie \u00a0du \u00a02<\/em>). \u00a0Elle \u00a0int\u00e8gre \u00a0la \u00a0Cie \u00a0Arcosm \u00a0en \u00a02009 \u00a0pour \u00a0leur \u00a0cr\u00e9ation \u00a0<strong>La \u00a0M\u00e9canique \u00a0des \u00a0Anges<\/strong>\u00a0\u00a0et \u00a0pour \u00a0une \u00a0reprise \u00a0de \u00a0r\u00f4le \u00a0dans \u00a0le \u00a0spectacle \u00a0<strong>Lisa.<\/strong><\/p>\n<p style=\"text-align: justify;\">Aline Braz Da Silva est actuellement en tourn\u00e9e au th\u00e9\u00e2tre de Lons le Saunier jusqu&rsquo;au 4 Octobre 2012 avec la pi\u00e8ce \u00ab\u00a0Dans le ventre du loup\u00a0\u00bb de Marion L\u00e9vy apr\u00e8s avoir jou\u00e9 cette m\u00eame pi\u00e8ce\u00a0 les 24 et 25 Septembre 2012 \u00e0 la Biennale de la Danse de Lyon.<\/p>\n","protected":false},"excerpt":{"rendered":"<p>Je n\u2019avais aucune id\u00e9e d\u2019un lieu o\u00f9 tourner cette s\u00e9quence avec l\u2019\u00e9l\u00e9gante danseuse Aline Braz Da Silva. J\u2019\u00e9tais sur Paris pour assister au dernier spectacle de Marion L\u00e9vy, \u201cDans le ventre du loup\u201d, dans lequel Aline tient un r\u00f4le.\u00a0 A la fin de la repr\u00e9sentation, nous nous entretenons au sujet du tournage du lendemain. Aucun [&hellip;]<\/p>\n","protected":false},"author":3,"featured_media":188,"comment_status":"open","ping_status":"open","sticky":false,"template":"","format":"standard","meta":{"_acf_changed":false,"footnotes":""},"categories":[17],"tags":[],"class_list":["post-77","post","type-post","status-publish","format-standard","has-post-thumbnail","hentry","category-all-we-can-do-is-dance-fr"],"acf":[],"yoast_head":"<!-- This site is optimized with the Yoast SEO plugin v25.3.1 - https:\/\/yoast.com\/wordpress\/plugins\/seo\/ -->\n<title>ALINE BRAZ DA SILVA - ALL WE CAN DO<\/title>\n<meta name=\"robots\" content=\"index, follow, max-snippet:-1, max-image-preview:large, max-video-preview:-1\" \/>\n<link rel=\"canonical\" href=\"https:\/\/www.allwecando.net\/2012\/10\/01\/aline-braz-da-silva\/\" \/>\n<meta property=\"og:locale\" content=\"fr_FR\" \/>\n<meta property=\"og:type\" content=\"article\" \/>\n<meta property=\"og:title\" content=\"ALINE BRAZ DA SILVA - ALL WE CAN DO\" \/>\n<meta property=\"og:description\" content=\"Je n\u2019avais aucune id\u00e9e d\u2019un lieu o\u00f9 tourner cette s\u00e9quence avec l\u2019\u00e9l\u00e9gante danseuse Aline Braz Da Silva. J\u2019\u00e9tais sur Paris pour assister au dernier spectacle de Marion L\u00e9vy, \u201cDans le ventre du loup\u201d, dans lequel Aline tient un r\u00f4le.\u00a0 A la fin de la repr\u00e9sentation, nous nous entretenons au sujet du tournage du lendemain. Aucun [&hellip;]\" \/>\n<meta property=\"og:url\" content=\"https:\/\/www.allwecando.net\/2012\/10\/01\/aline-braz-da-silva\/\" \/>\n<meta property=\"og:site_name\" content=\"ALL WE CAN DO\" \/>\n<meta property=\"article:published_time\" content=\"2012-10-01T10:16:39+00:00\" \/>\n<meta property=\"article:modified_time\" content=\"2019-02-09T16:16:41+00:00\" \/>\n<meta property=\"og:image\" content=\"https:\/\/www.allwecando.net\/wp-content\/uploads\/2014\/03\/AWCD-26.jpg\" \/>\n\t<meta property=\"og:image:width\" content=\"1440\" \/>\n\t<meta property=\"og:image:height\" content=\"549\" \/>\n\t<meta property=\"og:image:type\" content=\"image\/jpeg\" \/>\n<meta name=\"author\" content=\"thibaut\" \/>\n<meta name=\"twitter:card\" content=\"summary_large_image\" \/>\n<meta name=\"twitter:label1\" content=\"\u00c9crit par\" \/>\n\t<meta name=\"twitter:data1\" content=\"thibaut\" \/>\n\t<meta name=\"twitter:label2\" content=\"Dur\u00e9e de lecture estim\u00e9e\" \/>\n\t<meta name=\"twitter:data2\" content=\"2 minutes\" \/>\n<script type=\"application\/ld+json\" class=\"yoast-schema-graph\">{\"@context\":\"https:\/\/schema.org\",\"@graph\":[{\"@type\":\"WebPage\",\"@id\":\"https:\/\/www.allwecando.net\/2012\/10\/01\/aline-braz-da-silva\/\",\"url\":\"https:\/\/www.allwecando.net\/2012\/10\/01\/aline-braz-da-silva\/\",\"name\":\"ALINE BRAZ DA SILVA - ALL WE CAN DO\",\"isPartOf\":{\"@id\":\"https:\/\/www.allwecando.net\/#website\"},\"primaryImageOfPage\":{\"@id\":\"https:\/\/www.allwecando.net\/2012\/10\/01\/aline-braz-da-silva\/#primaryimage\"},\"image\":{\"@id\":\"https:\/\/www.allwecando.net\/2012\/10\/01\/aline-braz-da-silva\/#primaryimage\"},\"thumbnailUrl\":\"https:\/\/www.allwecando.net\/wp-content\/uploads\/2014\/03\/AWCD-26.jpg\",\"datePublished\":\"2012-10-01T10:16:39+00:00\",\"dateModified\":\"2019-02-09T16:16:41+00:00\",\"author\":{\"@id\":\"https:\/\/www.allwecando.net\/#\/schema\/person\/d0e47918245e0a073b42b0e7ce4382f9\"},\"breadcrumb\":{\"@id\":\"https:\/\/www.allwecando.net\/2012\/10\/01\/aline-braz-da-silva\/#breadcrumb\"},\"inLanguage\":\"fr-FR\",\"potentialAction\":[{\"@type\":\"ReadAction\",\"target\":[\"https:\/\/www.allwecando.net\/2012\/10\/01\/aline-braz-da-silva\/\"]}]},{\"@type\":\"ImageObject\",\"inLanguage\":\"fr-FR\",\"@id\":\"https:\/\/www.allwecando.net\/2012\/10\/01\/aline-braz-da-silva\/#primaryimage\",\"url\":\"https:\/\/www.allwecando.net\/wp-content\/uploads\/2014\/03\/AWCD-26.jpg\",\"contentUrl\":\"https:\/\/www.allwecando.net\/wp-content\/uploads\/2014\/03\/AWCD-26.jpg\",\"width\":1440,\"height\":549},{\"@type\":\"BreadcrumbList\",\"@id\":\"https:\/\/www.allwecando.net\/2012\/10\/01\/aline-braz-da-silva\/#breadcrumb\",\"itemListElement\":[{\"@type\":\"ListItem\",\"position\":1,\"name\":\"Home\",\"item\":\"https:\/\/www.allwecando.net\/fr\/\"},{\"@type\":\"ListItem\",\"position\":2,\"name\":\"ALINE BRAZ DA SILVA\"}]},{\"@type\":\"WebSite\",\"@id\":\"https:\/\/www.allwecando.net\/#website\",\"url\":\"https:\/\/www.allwecando.net\/\",\"name\":\"ALL WE CAN DO\",\"description\":\"\",\"potentialAction\":[{\"@type\":\"SearchAction\",\"target\":{\"@type\":\"EntryPoint\",\"urlTemplate\":\"https:\/\/www.allwecando.net\/?s={search_term_string}\"},\"query-input\":{\"@type\":\"PropertyValueSpecification\",\"valueRequired\":true,\"valueName\":\"search_term_string\"}}],\"inLanguage\":\"fr-FR\"},{\"@type\":\"Person\",\"@id\":\"https:\/\/www.allwecando.net\/#\/schema\/person\/d0e47918245e0a073b42b0e7ce4382f9\",\"name\":\"thibaut\",\"image\":{\"@type\":\"ImageObject\",\"inLanguage\":\"fr-FR\",\"@id\":\"https:\/\/www.allwecando.net\/#\/schema\/person\/image\/\",\"url\":\"https:\/\/secure.gravatar.com\/avatar\/8e71894ccdc67c7c8aadae68a5e00ab79e6b5ccaa4ee281d993644113e6cd018?s=96&d=mm&r=g\",\"contentUrl\":\"https:\/\/secure.gravatar.com\/avatar\/8e71894ccdc67c7c8aadae68a5e00ab79e6b5ccaa4ee281d993644113e6cd018?s=96&d=mm&r=g\",\"caption\":\"thibaut\"},\"url\":\"https:\/\/www.allwecando.net\/fr\/author\/thibaut\/\"}]}<\/script>\n<!-- \/ Yoast SEO plugin. -->","yoast_head_json":{"title":"ALINE BRAZ DA SILVA - ALL WE CAN DO","robots":{"index":"index","follow":"follow","max-snippet":"max-snippet:-1","max-image-preview":"max-image-preview:large","max-video-preview":"max-video-preview:-1"},"canonical":"https:\/\/www.allwecando.net\/2012\/10\/01\/aline-braz-da-silva\/","og_locale":"fr_FR","og_type":"article","og_title":"ALINE BRAZ DA SILVA - ALL WE CAN DO","og_description":"Je n\u2019avais aucune id\u00e9e d\u2019un lieu o\u00f9 tourner cette s\u00e9quence avec l\u2019\u00e9l\u00e9gante danseuse Aline Braz Da Silva. J\u2019\u00e9tais sur Paris pour assister au dernier spectacle de Marion L\u00e9vy, \u201cDans le ventre du loup\u201d, dans lequel Aline tient un r\u00f4le.\u00a0 A la fin de la repr\u00e9sentation, nous nous entretenons au sujet du tournage du lendemain. Aucun [&hellip;]","og_url":"https:\/\/www.allwecando.net\/2012\/10\/01\/aline-braz-da-silva\/","og_site_name":"ALL WE CAN DO","article_published_time":"2012-10-01T10:16:39+00:00","article_modified_time":"2019-02-09T16:16:41+00:00","og_image":[{"width":1440,"height":549,"url":"https:\/\/www.allwecando.net\/wp-content\/uploads\/2014\/03\/AWCD-26.jpg","type":"image\/jpeg"}],"author":"thibaut","twitter_card":"summary_large_image","twitter_misc":{"\u00c9crit par":"thibaut","Dur\u00e9e de lecture estim\u00e9e":"2 minutes"},"schema":{"@context":"https:\/\/schema.org","@graph":[{"@type":"WebPage","@id":"https:\/\/www.allwecando.net\/2012\/10\/01\/aline-braz-da-silva\/","url":"https:\/\/www.allwecando.net\/2012\/10\/01\/aline-braz-da-silva\/","name":"ALINE BRAZ DA SILVA - ALL WE CAN DO","isPartOf":{"@id":"https:\/\/www.allwecando.net\/#website"},"primaryImageOfPage":{"@id":"https:\/\/www.allwecando.net\/2012\/10\/01\/aline-braz-da-silva\/#primaryimage"},"image":{"@id":"https:\/\/www.allwecando.net\/2012\/10\/01\/aline-braz-da-silva\/#primaryimage"},"thumbnailUrl":"https:\/\/www.allwecando.net\/wp-content\/uploads\/2014\/03\/AWCD-26.jpg","datePublished":"2012-10-01T10:16:39+00:00","dateModified":"2019-02-09T16:16:41+00:00","author":{"@id":"https:\/\/www.allwecando.net\/#\/schema\/person\/d0e47918245e0a073b42b0e7ce4382f9"},"breadcrumb":{"@id":"https:\/\/www.allwecando.net\/2012\/10\/01\/aline-braz-da-silva\/#breadcrumb"},"inLanguage":"fr-FR","potentialAction":[{"@type":"ReadAction","target":["https:\/\/www.allwecando.net\/2012\/10\/01\/aline-braz-da-silva\/"]}]},{"@type":"ImageObject","inLanguage":"fr-FR","@id":"https:\/\/www.allwecando.net\/2012\/10\/01\/aline-braz-da-silva\/#primaryimage","url":"https:\/\/www.allwecando.net\/wp-content\/uploads\/2014\/03\/AWCD-26.jpg","contentUrl":"https:\/\/www.allwecando.net\/wp-content\/uploads\/2014\/03\/AWCD-26.jpg","width":1440,"height":549},{"@type":"BreadcrumbList","@id":"https:\/\/www.allwecando.net\/2012\/10\/01\/aline-braz-da-silva\/#breadcrumb","itemListElement":[{"@type":"ListItem","position":1,"name":"Home","item":"https:\/\/www.allwecando.net\/fr\/"},{"@type":"ListItem","position":2,"name":"ALINE BRAZ DA SILVA"}]},{"@type":"WebSite","@id":"https:\/\/www.allwecando.net\/#website","url":"https:\/\/www.allwecando.net\/","name":"ALL WE CAN DO","description":"","potentialAction":[{"@type":"SearchAction","target":{"@type":"EntryPoint","urlTemplate":"https:\/\/www.allwecando.net\/?s={search_term_string}"},"query-input":{"@type":"PropertyValueSpecification","valueRequired":true,"valueName":"search_term_string"}}],"inLanguage":"fr-FR"},{"@type":"Person","@id":"https:\/\/www.allwecando.net\/#\/schema\/person\/d0e47918245e0a073b42b0e7ce4382f9","name":"thibaut","image":{"@type":"ImageObject","inLanguage":"fr-FR","@id":"https:\/\/www.allwecando.net\/#\/schema\/person\/image\/","url":"https:\/\/secure.gravatar.com\/avatar\/8e71894ccdc67c7c8aadae68a5e00ab79e6b5ccaa4ee281d993644113e6cd018?s=96&d=mm&r=g","contentUrl":"https:\/\/secure.gravatar.com\/avatar\/8e71894ccdc67c7c8aadae68a5e00ab79e6b5ccaa4ee281d993644113e6cd018?s=96&d=mm&r=g","caption":"thibaut"},"url":"https:\/\/www.allwecando.net\/fr\/author\/thibaut\/"}]}},"_links":{"self":[{"href":"https:\/\/www.allwecando.net\/fr\/wp-json\/wp\/v2\/posts\/77","targetHints":{"allow":["GET"]}}],"collection":[{"href":"https:\/\/www.allwecando.net\/fr\/wp-json\/wp\/v2\/posts"}],"about":[{"href":"https:\/\/www.allwecando.net\/fr\/wp-json\/wp\/v2\/types\/post"}],"author":[{"embeddable":true,"href":"https:\/\/www.allwecando.net\/fr\/wp-json\/wp\/v2\/users\/3"}],"replies":[{"embeddable":true,"href":"https:\/\/www.allwecando.net\/fr\/wp-json\/wp\/v2\/comments?post=77"}],"version-history":[{"count":0,"href":"https:\/\/www.allwecando.net\/fr\/wp-json\/wp\/v2\/posts\/77\/revisions"}],"wp:featuredmedia":[{"embeddable":true,"href":"https:\/\/www.allwecando.net\/fr\/wp-json\/wp\/v2\/media\/188"}],"wp:attachment":[{"href":"https:\/\/www.allwecando.net\/fr\/wp-json\/wp\/v2\/media?parent=77"}],"wp:term":[{"taxonomy":"category","embeddable":true,"href":"https:\/\/www.allwecando.net\/fr\/wp-json\/wp\/v2\/categories?post=77"},{"taxonomy":"post_tag","embeddable":true,"href":"https:\/\/www.allwecando.net\/fr\/wp-json\/wp\/v2\/tags?post=77"}],"curies":[{"name":"wp","href":"https:\/\/api.w.org\/{rel}","templated":true}]}}