{"id":85,"date":"2012-10-30T11:34:05","date_gmt":"2012-10-30T10:34:05","guid":{"rendered":"https:\/\/www.allwecando.net\/awcd\/?p=85"},"modified":"2019-02-09T17:17:21","modified_gmt":"2019-02-09T16:17:21","slug":"emilien-gobard","status":"publish","type":"post","link":"https:\/\/www.allwecando.net\/fr\/2012\/10\/30\/emilien-gobard\/","title":{"rendered":"EMILIEN GOBARD"},"content":{"rendered":"<p style=\"text-align: justify;\">Nous \u00e9tions en Ecosse pour les premi\u00e8res repr\u00e9sentations de la pi\u00e8ce TRAVERSE au sein du Festival Imaginate 2012. Nous marchions, Emilien et moi, sur les rues pav\u00e9es d&rsquo;Edimbourg, en direction du ch\u00e2teau qui surplombe la ville. Le ciel \u00e9tait, comme \u00e0 son habitude, charg\u00e9 de ces nuages qui donnent aux villes du Nord une ambiance lumineuse si particuli\u00e8re. Align\u00e9es devant nous, trois cabines t\u00e9l\u00e9phoniques rouges se d\u00e9tachaient du paysage gris\u00e2tre. Soudain, la magie s&rsquo;op\u00e9rait. Un rayon de soleil vint alors illuminer ce petit coin de paradis. Nous d\u00e9cidions de s&rsquo;attarder un temps ici, r\u00e9chauff\u00e9s par l&rsquo;astre solaire qui brillait enfin sur la ville&#8230;<\/p>\n<p style=\"text-align: justify;\">Emilien Gobard &#8211; danseur<\/p>\n<p style=\"text-align: justify;\">Emilien d\u00e9couvre le mime \u00e0 12 ans, pendant sa formation de danseur au Jeune Ballet de Paris Janine Stanlowa. Il est aujourd\u2019hui dipl\u00f4m\u00e9 de l\u2019Acad\u00e9mie Europ\u00e9enne de th\u00e9\u00e2tre corporel Ella Jaroszewicz dont il a \u00e9t\u00e9 l\u2019assistant et enseigne cette discipline \u00e0 des jeunes et des professionnels.<br \/>\nEn 2006 il co-fonde Le Troupeau dans le Cr\u00e2ne, troupe de th\u00e9\u00e2tre pluridisciplinaire avec laquelle il cr\u00e9e son premier one mime show, L\u2019Homme de Rien (jou\u00e9 en France, Italie et Roumanie) et son deuxi\u00e8me spectacle solo Les Essais, performance d\u2019un mime d\u2019apr\u00e8s Montaigne. En tant que mime, il coache r\u00e9guli\u00e8rement des compagnies (Eclats de Souffle, Comit\u00e9 de la Claque) et des chanteurs (notamment la chanteuse Camille).<br \/>\nComme com\u00e9dien il travaille essentiellement pour la radio (Myron Meerson, C\u00e9dric Aussir) et le th\u00e9\u00e2tre (Vladimir Ant, Monsieur et madame O) mais appara\u00eet aussi \u00e0 la t\u00e9l\u00e9vision (Philippe B\u00e9renger, Dominique Guillo) et au cin\u00e9ma (Laurence Ferreira Barbosa, Fabienne Roumet).<br \/>\nEn 2010 il int\u00e8gre la cie Arcosm pour le spectacle Traverse, actuellement en tourn\u00e9e en France et \u00e0 l\u2019\u00e9tranger.\u00a0Emilien est interpr\u00e8te dans Traverse de la Cie Arcosm.<\/p>\n<p style=\"text-align: justify;\">\n","protected":false},"excerpt":{"rendered":"<p>Nous \u00e9tions en Ecosse pour les premi\u00e8res repr\u00e9sentations de la pi\u00e8ce TRAVERSE au sein du Festival Imaginate 2012. Nous marchions, Emilien et moi, sur les rues pav\u00e9es d&rsquo;Edimbourg, en direction du ch\u00e2teau qui surplombe la ville. Le ciel \u00e9tait, comme \u00e0 son habitude, charg\u00e9 de ces nuages qui donnent aux villes du Nord une ambiance [&hellip;]<\/p>\n","protected":false},"author":3,"featured_media":190,"comment_status":"open","ping_status":"open","sticky":false,"template":"","format":"standard","meta":{"_acf_changed":false,"footnotes":""},"categories":[17],"tags":[],"class_list":["post-85","post","type-post","status-publish","format-standard","has-post-thumbnail","hentry","category-all-we-can-do-is-dance-fr"],"acf":[],"yoast_head":"<!-- This site is optimized with the Yoast SEO plugin v25.3.1 - https:\/\/yoast.com\/wordpress\/plugins\/seo\/ -->\n<title>EMILIEN GOBARD - ALL WE CAN DO<\/title>\n<meta name=\"robots\" content=\"index, follow, max-snippet:-1, max-image-preview:large, max-video-preview:-1\" \/>\n<link rel=\"canonical\" href=\"https:\/\/www.allwecando.net\/2012\/10\/30\/emilien-gobard\/\" \/>\n<meta property=\"og:locale\" content=\"fr_FR\" \/>\n<meta property=\"og:type\" content=\"article\" \/>\n<meta property=\"og:title\" content=\"EMILIEN GOBARD - ALL WE CAN DO\" \/>\n<meta property=\"og:description\" content=\"Nous \u00e9tions en Ecosse pour les premi\u00e8res repr\u00e9sentations de la pi\u00e8ce TRAVERSE au sein du Festival Imaginate 2012. Nous marchions, Emilien et moi, sur les rues pav\u00e9es d&rsquo;Edimbourg, en direction du ch\u00e2teau qui surplombe la ville. Le ciel \u00e9tait, comme \u00e0 son habitude, charg\u00e9 de ces nuages qui donnent aux villes du Nord une ambiance [&hellip;]\" \/>\n<meta property=\"og:url\" content=\"https:\/\/www.allwecando.net\/2012\/10\/30\/emilien-gobard\/\" \/>\n<meta property=\"og:site_name\" content=\"ALL WE CAN DO\" \/>\n<meta property=\"article:published_time\" content=\"2012-10-30T10:34:05+00:00\" \/>\n<meta property=\"article:modified_time\" content=\"2019-02-09T16:17:21+00:00\" \/>\n<meta property=\"og:image\" content=\"https:\/\/www.allwecando.net\/wp-content\/uploads\/2014\/03\/AWCD-28.jpg\" \/>\n\t<meta property=\"og:image:width\" content=\"1440\" \/>\n\t<meta property=\"og:image:height\" content=\"724\" \/>\n\t<meta property=\"og:image:type\" content=\"image\/jpeg\" \/>\n<meta name=\"author\" content=\"thibaut\" \/>\n<meta name=\"twitter:card\" content=\"summary_large_image\" \/>\n<meta name=\"twitter:label1\" content=\"\u00c9crit par\" \/>\n\t<meta name=\"twitter:data1\" content=\"thibaut\" \/>\n\t<meta name=\"twitter:label2\" content=\"Dur\u00e9e de lecture estim\u00e9e\" \/>\n\t<meta name=\"twitter:data2\" content=\"2 minutes\" \/>\n<script type=\"application\/ld+json\" class=\"yoast-schema-graph\">{\"@context\":\"https:\/\/schema.org\",\"@graph\":[{\"@type\":\"WebPage\",\"@id\":\"https:\/\/www.allwecando.net\/2012\/10\/30\/emilien-gobard\/\",\"url\":\"https:\/\/www.allwecando.net\/2012\/10\/30\/emilien-gobard\/\",\"name\":\"EMILIEN GOBARD - ALL WE CAN DO\",\"isPartOf\":{\"@id\":\"https:\/\/www.allwecando.net\/#website\"},\"primaryImageOfPage\":{\"@id\":\"https:\/\/www.allwecando.net\/2012\/10\/30\/emilien-gobard\/#primaryimage\"},\"image\":{\"@id\":\"https:\/\/www.allwecando.net\/2012\/10\/30\/emilien-gobard\/#primaryimage\"},\"thumbnailUrl\":\"https:\/\/www.allwecando.net\/wp-content\/uploads\/2014\/03\/AWCD-28.jpg\",\"datePublished\":\"2012-10-30T10:34:05+00:00\",\"dateModified\":\"2019-02-09T16:17:21+00:00\",\"author\":{\"@id\":\"https:\/\/www.allwecando.net\/#\/schema\/person\/d0e47918245e0a073b42b0e7ce4382f9\"},\"breadcrumb\":{\"@id\":\"https:\/\/www.allwecando.net\/2012\/10\/30\/emilien-gobard\/#breadcrumb\"},\"inLanguage\":\"fr-FR\",\"potentialAction\":[{\"@type\":\"ReadAction\",\"target\":[\"https:\/\/www.allwecando.net\/2012\/10\/30\/emilien-gobard\/\"]}]},{\"@type\":\"ImageObject\",\"inLanguage\":\"fr-FR\",\"@id\":\"https:\/\/www.allwecando.net\/2012\/10\/30\/emilien-gobard\/#primaryimage\",\"url\":\"https:\/\/www.allwecando.net\/wp-content\/uploads\/2014\/03\/AWCD-28.jpg\",\"contentUrl\":\"https:\/\/www.allwecando.net\/wp-content\/uploads\/2014\/03\/AWCD-28.jpg\",\"width\":1440,\"height\":724},{\"@type\":\"BreadcrumbList\",\"@id\":\"https:\/\/www.allwecando.net\/2012\/10\/30\/emilien-gobard\/#breadcrumb\",\"itemListElement\":[{\"@type\":\"ListItem\",\"position\":1,\"name\":\"Home\",\"item\":\"https:\/\/www.allwecando.net\/fr\/\"},{\"@type\":\"ListItem\",\"position\":2,\"name\":\"EMILIEN GOBARD\"}]},{\"@type\":\"WebSite\",\"@id\":\"https:\/\/www.allwecando.net\/#website\",\"url\":\"https:\/\/www.allwecando.net\/\",\"name\":\"ALL WE CAN DO\",\"description\":\"\",\"potentialAction\":[{\"@type\":\"SearchAction\",\"target\":{\"@type\":\"EntryPoint\",\"urlTemplate\":\"https:\/\/www.allwecando.net\/?s={search_term_string}\"},\"query-input\":{\"@type\":\"PropertyValueSpecification\",\"valueRequired\":true,\"valueName\":\"search_term_string\"}}],\"inLanguage\":\"fr-FR\"},{\"@type\":\"Person\",\"@id\":\"https:\/\/www.allwecando.net\/#\/schema\/person\/d0e47918245e0a073b42b0e7ce4382f9\",\"name\":\"thibaut\",\"image\":{\"@type\":\"ImageObject\",\"inLanguage\":\"fr-FR\",\"@id\":\"https:\/\/www.allwecando.net\/#\/schema\/person\/image\/\",\"url\":\"https:\/\/secure.gravatar.com\/avatar\/8e71894ccdc67c7c8aadae68a5e00ab79e6b5ccaa4ee281d993644113e6cd018?s=96&d=mm&r=g\",\"contentUrl\":\"https:\/\/secure.gravatar.com\/avatar\/8e71894ccdc67c7c8aadae68a5e00ab79e6b5ccaa4ee281d993644113e6cd018?s=96&d=mm&r=g\",\"caption\":\"thibaut\"},\"url\":\"https:\/\/www.allwecando.net\/fr\/author\/thibaut\/\"}]}<\/script>\n<!-- \/ Yoast SEO plugin. -->","yoast_head_json":{"title":"EMILIEN GOBARD - ALL WE CAN DO","robots":{"index":"index","follow":"follow","max-snippet":"max-snippet:-1","max-image-preview":"max-image-preview:large","max-video-preview":"max-video-preview:-1"},"canonical":"https:\/\/www.allwecando.net\/2012\/10\/30\/emilien-gobard\/","og_locale":"fr_FR","og_type":"article","og_title":"EMILIEN GOBARD - ALL WE CAN DO","og_description":"Nous \u00e9tions en Ecosse pour les premi\u00e8res repr\u00e9sentations de la pi\u00e8ce TRAVERSE au sein du Festival Imaginate 2012. Nous marchions, Emilien et moi, sur les rues pav\u00e9es d&rsquo;Edimbourg, en direction du ch\u00e2teau qui surplombe la ville. Le ciel \u00e9tait, comme \u00e0 son habitude, charg\u00e9 de ces nuages qui donnent aux villes du Nord une ambiance [&hellip;]","og_url":"https:\/\/www.allwecando.net\/2012\/10\/30\/emilien-gobard\/","og_site_name":"ALL WE CAN DO","article_published_time":"2012-10-30T10:34:05+00:00","article_modified_time":"2019-02-09T16:17:21+00:00","og_image":[{"width":1440,"height":724,"url":"https:\/\/www.allwecando.net\/wp-content\/uploads\/2014\/03\/AWCD-28.jpg","type":"image\/jpeg"}],"author":"thibaut","twitter_card":"summary_large_image","twitter_misc":{"\u00c9crit par":"thibaut","Dur\u00e9e de lecture estim\u00e9e":"2 minutes"},"schema":{"@context":"https:\/\/schema.org","@graph":[{"@type":"WebPage","@id":"https:\/\/www.allwecando.net\/2012\/10\/30\/emilien-gobard\/","url":"https:\/\/www.allwecando.net\/2012\/10\/30\/emilien-gobard\/","name":"EMILIEN GOBARD - ALL WE CAN DO","isPartOf":{"@id":"https:\/\/www.allwecando.net\/#website"},"primaryImageOfPage":{"@id":"https:\/\/www.allwecando.net\/2012\/10\/30\/emilien-gobard\/#primaryimage"},"image":{"@id":"https:\/\/www.allwecando.net\/2012\/10\/30\/emilien-gobard\/#primaryimage"},"thumbnailUrl":"https:\/\/www.allwecando.net\/wp-content\/uploads\/2014\/03\/AWCD-28.jpg","datePublished":"2012-10-30T10:34:05+00:00","dateModified":"2019-02-09T16:17:21+00:00","author":{"@id":"https:\/\/www.allwecando.net\/#\/schema\/person\/d0e47918245e0a073b42b0e7ce4382f9"},"breadcrumb":{"@id":"https:\/\/www.allwecando.net\/2012\/10\/30\/emilien-gobard\/#breadcrumb"},"inLanguage":"fr-FR","potentialAction":[{"@type":"ReadAction","target":["https:\/\/www.allwecando.net\/2012\/10\/30\/emilien-gobard\/"]}]},{"@type":"ImageObject","inLanguage":"fr-FR","@id":"https:\/\/www.allwecando.net\/2012\/10\/30\/emilien-gobard\/#primaryimage","url":"https:\/\/www.allwecando.net\/wp-content\/uploads\/2014\/03\/AWCD-28.jpg","contentUrl":"https:\/\/www.allwecando.net\/wp-content\/uploads\/2014\/03\/AWCD-28.jpg","width":1440,"height":724},{"@type":"BreadcrumbList","@id":"https:\/\/www.allwecando.net\/2012\/10\/30\/emilien-gobard\/#breadcrumb","itemListElement":[{"@type":"ListItem","position":1,"name":"Home","item":"https:\/\/www.allwecando.net\/fr\/"},{"@type":"ListItem","position":2,"name":"EMILIEN GOBARD"}]},{"@type":"WebSite","@id":"https:\/\/www.allwecando.net\/#website","url":"https:\/\/www.allwecando.net\/","name":"ALL WE CAN DO","description":"","potentialAction":[{"@type":"SearchAction","target":{"@type":"EntryPoint","urlTemplate":"https:\/\/www.allwecando.net\/?s={search_term_string}"},"query-input":{"@type":"PropertyValueSpecification","valueRequired":true,"valueName":"search_term_string"}}],"inLanguage":"fr-FR"},{"@type":"Person","@id":"https:\/\/www.allwecando.net\/#\/schema\/person\/d0e47918245e0a073b42b0e7ce4382f9","name":"thibaut","image":{"@type":"ImageObject","inLanguage":"fr-FR","@id":"https:\/\/www.allwecando.net\/#\/schema\/person\/image\/","url":"https:\/\/secure.gravatar.com\/avatar\/8e71894ccdc67c7c8aadae68a5e00ab79e6b5ccaa4ee281d993644113e6cd018?s=96&d=mm&r=g","contentUrl":"https:\/\/secure.gravatar.com\/avatar\/8e71894ccdc67c7c8aadae68a5e00ab79e6b5ccaa4ee281d993644113e6cd018?s=96&d=mm&r=g","caption":"thibaut"},"url":"https:\/\/www.allwecando.net\/fr\/author\/thibaut\/"}]}},"_links":{"self":[{"href":"https:\/\/www.allwecando.net\/fr\/wp-json\/wp\/v2\/posts\/85","targetHints":{"allow":["GET"]}}],"collection":[{"href":"https:\/\/www.allwecando.net\/fr\/wp-json\/wp\/v2\/posts"}],"about":[{"href":"https:\/\/www.allwecando.net\/fr\/wp-json\/wp\/v2\/types\/post"}],"author":[{"embeddable":true,"href":"https:\/\/www.allwecando.net\/fr\/wp-json\/wp\/v2\/users\/3"}],"replies":[{"embeddable":true,"href":"https:\/\/www.allwecando.net\/fr\/wp-json\/wp\/v2\/comments?post=85"}],"version-history":[{"count":0,"href":"https:\/\/www.allwecando.net\/fr\/wp-json\/wp\/v2\/posts\/85\/revisions"}],"wp:featuredmedia":[{"embeddable":true,"href":"https:\/\/www.allwecando.net\/fr\/wp-json\/wp\/v2\/media\/190"}],"wp:attachment":[{"href":"https:\/\/www.allwecando.net\/fr\/wp-json\/wp\/v2\/media?parent=85"}],"wp:term":[{"taxonomy":"category","embeddable":true,"href":"https:\/\/www.allwecando.net\/fr\/wp-json\/wp\/v2\/categories?post=85"},{"taxonomy":"post_tag","embeddable":true,"href":"https:\/\/www.allwecando.net\/fr\/wp-json\/wp\/v2\/tags?post=85"}],"curies":[{"name":"wp","href":"https:\/\/api.w.org\/{rel}","templated":true}]}}