{"id":91,"date":"2012-11-26T10:24:02","date_gmt":"2012-11-26T09:24:02","guid":{"rendered":"https:\/\/www.allwecando.net\/awcd\/?p=91"},"modified":"2019-02-09T17:18:22","modified_gmt":"2019-02-09T16:18:22","slug":"anne-cecile-chane-tune-2","status":"publish","type":"post","link":"https:\/\/www.allwecando.net\/fr\/2012\/11\/26\/anne-cecile-chane-tune-2\/","title":{"rendered":"ANNE-C\u00c9CILE CHANE-TUNE"},"content":{"rendered":"<p style=\"text-align: justify;\">Nous marchons, Anne-C\u00e9cile et moi, au pied du ch\u00e2teau d&rsquo;Edimbourg en Ecosse. Quelques rayons de soleils viennent r\u00e9chauffer nos visages. Nous sommes en qu\u00eate d&rsquo;un lieu insolite pour se poser un temps tous les deux pour confronter ma cam\u00e9ra \u00e0 ses mouvements. Au loin, des pierres tombales surgissent de terre. Un cimeti\u00e8re \u00e9cossais nous fait face. Nous franchissons alors le portail de ce cet endroit charg\u00e9 d&rsquo;histoires. On a peur mais on s&rsquo;y sent bien. Anne-C\u00e9cile commence \u00e0 s&rsquo;approprier l&rsquo;espace\u2026 je sors ma cam\u00e9ra&#8230; nous voil\u00e0 alors \u00e0 la recherche d&rsquo;une communion&#8230;<\/p>\n<p style=\"text-align: justify;\">\n<p style=\"text-align: justify;\">ANNE-C\u00c9CILE CHANE-TUNE &#8211;\u00a0Danseuse<\/p>\n<p style=\"text-align: justify;\">Anne-C\u00e9cile a commenc\u00e9 la danse \u00e0 l\u2019\u00e2ge de 6 ans \u00e0 l\u2019\u00eele de la R\u00e9union. Elle suit une formation acad\u00e9mique dans les Conservatoires de France \u00e0 la R\u00e9union et \u00e0 Lyon. Elle passe durant ces ann\u00e9es de la danse classique \u00e0 la danse contemporaine et elle rencontre diff\u00e9rents chor\u00e9graphes. Elle d\u00e9cide de s\u2019installer \u00e0 Bruxelles en 2001. Pour incorporer le milieu de la danse en Belgique elle suit une formation d\u2019insertion professionnelle en danse de 9 mois, nomm\u00e9e Passerelles. Elle a 20 ans.<br \/>\nElle commence \u00e0 travailler en tant qu\u2019interpr\u00e8te pour diff\u00e9rentes compagnies :<br \/>\n&#8211; La compagnie Matt\u00e9o Moles, dans laquelle elle participe \u00e0 plusieurs cr\u00e9ations: Thanatos, Gadget et Les Mari\u00e9s,<br \/>\n&#8211; La compagnie Animae Corpus avec Thibaud Le Maguer pour la cr\u00e9ation de Pellis, &#8211; La compagnie Parcours dirig\u00e9e par la chor\u00e9graphe F\u00e9licette Chazerand qui l\u2019a choisie pour faire<br \/>\npartie des cr\u00e9ations \u00c0 l\u2019ombre des Arbres et Spirale,<br \/>\n&#8211; La compagnie Arcosm, pour les spectacles LISA et TRAVERSE.<br \/>\nEn 2007, elle d\u00e9couvre la m\u00e9thode d\u2019Axis Syllabus fond\u00e9e par Frey Faust et d\u00e9cide de suivre r\u00e9gu- li\u00e8rement les cours de Baris Mihci. Elle participe au stage du Nomadic College organis\u00e9 une fois par an (Italie, R\u00e9publique Tch\u00e8que, Finlande).<br \/>\nOutre sa pr\u00e9sence en tant qu\u2019interpr\u00e8te dans diff\u00e9rentes structures \u00e9tablies, elle participe \u00e0 l\u2019ex- ploration et \u00e0 la formation du Collectif en Transit (2009) et suit r\u00e9guli\u00e8rement le travail et l\u2019\u00e9volu- tion qu\u2019entreprend la communaut\u00e9 d\u2019Axis Syllabus. Elle d\u00e9sire \u00e9largir sa perception, sa vision et les connaissances de la danse comme faisant partie int\u00e9grante de l\u2019Art par le biais de la recherche et de l\u2019\u00e9tude du Mouvement.<\/p>\n<p style=\"text-align: justify;\">Actualit\u00e9<\/p>\n<p style=\"text-align: justify;\">TRAVERSE &#8211; Cie Arcosm &#8211; 28 &amp; 29\/11 &#8211; Elancourt, Le Prisme.<\/p>\n","protected":false},"excerpt":{"rendered":"<p>Nous marchons, Anne-C\u00e9cile et moi, au pied du ch\u00e2teau d&rsquo;Edimbourg en Ecosse. Quelques rayons de soleils viennent r\u00e9chauffer nos visages. Nous sommes en qu\u00eate d&rsquo;un lieu insolite pour se poser un temps tous les deux pour confronter ma cam\u00e9ra \u00e0 ses mouvements. Au loin, des pierres tombales surgissent de terre. Un cimeti\u00e8re \u00e9cossais nous fait [&hellip;]<\/p>\n","protected":false},"author":3,"featured_media":164,"comment_status":"open","ping_status":"open","sticky":false,"template":"","format":"standard","meta":{"_acf_changed":false,"footnotes":""},"categories":[17],"tags":[],"class_list":["post-91","post","type-post","status-publish","format-standard","has-post-thumbnail","hentry","category-all-we-can-do-is-dance-fr"],"acf":[],"yoast_head":"<!-- This site is optimized with the Yoast SEO plugin v25.3.1 - https:\/\/yoast.com\/wordpress\/plugins\/seo\/ -->\n<title>ANNE-C\u00c9CILE CHANE-TUNE - ALL WE CAN DO<\/title>\n<meta name=\"robots\" content=\"index, follow, max-snippet:-1, max-image-preview:large, max-video-preview:-1\" \/>\n<link rel=\"canonical\" href=\"https:\/\/www.allwecando.net\/2012\/11\/26\/anne-cecile-chane-tune-2\/\" \/>\n<meta property=\"og:locale\" content=\"fr_FR\" \/>\n<meta property=\"og:type\" content=\"article\" \/>\n<meta property=\"og:title\" content=\"ANNE-C\u00c9CILE CHANE-TUNE - ALL WE CAN DO\" \/>\n<meta property=\"og:description\" content=\"Nous marchons, Anne-C\u00e9cile et moi, au pied du ch\u00e2teau d&rsquo;Edimbourg en Ecosse. Quelques rayons de soleils viennent r\u00e9chauffer nos visages. Nous sommes en qu\u00eate d&rsquo;un lieu insolite pour se poser un temps tous les deux pour confronter ma cam\u00e9ra \u00e0 ses mouvements. Au loin, des pierres tombales surgissent de terre. Un cimeti\u00e8re \u00e9cossais nous fait [&hellip;]\" \/>\n<meta property=\"og:url\" content=\"https:\/\/www.allwecando.net\/2012\/11\/26\/anne-cecile-chane-tune-2\/\" \/>\n<meta property=\"og:site_name\" content=\"ALL WE CAN DO\" \/>\n<meta property=\"article:published_time\" content=\"2012-11-26T09:24:02+00:00\" \/>\n<meta property=\"article:modified_time\" content=\"2019-02-09T16:18:22+00:00\" \/>\n<meta property=\"og:image\" content=\"https:\/\/www.allwecando.net\/wp-content\/uploads\/2014\/03\/AWCD-2.jpg\" \/>\n\t<meta property=\"og:image:width\" content=\"1440\" \/>\n\t<meta property=\"og:image:height\" content=\"549\" \/>\n\t<meta property=\"og:image:type\" content=\"image\/jpeg\" \/>\n<meta name=\"author\" content=\"thibaut\" \/>\n<meta name=\"twitter:card\" content=\"summary_large_image\" \/>\n<meta name=\"twitter:label1\" content=\"\u00c9crit par\" \/>\n\t<meta name=\"twitter:data1\" content=\"thibaut\" \/>\n\t<meta name=\"twitter:label2\" content=\"Dur\u00e9e de lecture estim\u00e9e\" \/>\n\t<meta name=\"twitter:data2\" content=\"2 minutes\" \/>\n<script type=\"application\/ld+json\" class=\"yoast-schema-graph\">{\"@context\":\"https:\/\/schema.org\",\"@graph\":[{\"@type\":\"WebPage\",\"@id\":\"https:\/\/www.allwecando.net\/2012\/11\/26\/anne-cecile-chane-tune-2\/\",\"url\":\"https:\/\/www.allwecando.net\/2012\/11\/26\/anne-cecile-chane-tune-2\/\",\"name\":\"ANNE-C\u00c9CILE CHANE-TUNE - ALL WE CAN DO\",\"isPartOf\":{\"@id\":\"https:\/\/www.allwecando.net\/#website\"},\"primaryImageOfPage\":{\"@id\":\"https:\/\/www.allwecando.net\/2012\/11\/26\/anne-cecile-chane-tune-2\/#primaryimage\"},\"image\":{\"@id\":\"https:\/\/www.allwecando.net\/2012\/11\/26\/anne-cecile-chane-tune-2\/#primaryimage\"},\"thumbnailUrl\":\"https:\/\/www.allwecando.net\/wp-content\/uploads\/2014\/03\/AWCD-2.jpg\",\"datePublished\":\"2012-11-26T09:24:02+00:00\",\"dateModified\":\"2019-02-09T16:18:22+00:00\",\"author\":{\"@id\":\"https:\/\/www.allwecando.net\/#\/schema\/person\/d0e47918245e0a073b42b0e7ce4382f9\"},\"breadcrumb\":{\"@id\":\"https:\/\/www.allwecando.net\/2012\/11\/26\/anne-cecile-chane-tune-2\/#breadcrumb\"},\"inLanguage\":\"fr-FR\",\"potentialAction\":[{\"@type\":\"ReadAction\",\"target\":[\"https:\/\/www.allwecando.net\/2012\/11\/26\/anne-cecile-chane-tune-2\/\"]}]},{\"@type\":\"ImageObject\",\"inLanguage\":\"fr-FR\",\"@id\":\"https:\/\/www.allwecando.net\/2012\/11\/26\/anne-cecile-chane-tune-2\/#primaryimage\",\"url\":\"https:\/\/www.allwecando.net\/wp-content\/uploads\/2014\/03\/AWCD-2.jpg\",\"contentUrl\":\"https:\/\/www.allwecando.net\/wp-content\/uploads\/2014\/03\/AWCD-2.jpg\",\"width\":1440,\"height\":549},{\"@type\":\"BreadcrumbList\",\"@id\":\"https:\/\/www.allwecando.net\/2012\/11\/26\/anne-cecile-chane-tune-2\/#breadcrumb\",\"itemListElement\":[{\"@type\":\"ListItem\",\"position\":1,\"name\":\"Home\",\"item\":\"https:\/\/www.allwecando.net\/fr\/\"},{\"@type\":\"ListItem\",\"position\":2,\"name\":\"ANNE-C\u00c9CILE CHANE-TUNE\"}]},{\"@type\":\"WebSite\",\"@id\":\"https:\/\/www.allwecando.net\/#website\",\"url\":\"https:\/\/www.allwecando.net\/\",\"name\":\"ALL WE CAN DO\",\"description\":\"\",\"potentialAction\":[{\"@type\":\"SearchAction\",\"target\":{\"@type\":\"EntryPoint\",\"urlTemplate\":\"https:\/\/www.allwecando.net\/?s={search_term_string}\"},\"query-input\":{\"@type\":\"PropertyValueSpecification\",\"valueRequired\":true,\"valueName\":\"search_term_string\"}}],\"inLanguage\":\"fr-FR\"},{\"@type\":\"Person\",\"@id\":\"https:\/\/www.allwecando.net\/#\/schema\/person\/d0e47918245e0a073b42b0e7ce4382f9\",\"name\":\"thibaut\",\"image\":{\"@type\":\"ImageObject\",\"inLanguage\":\"fr-FR\",\"@id\":\"https:\/\/www.allwecando.net\/#\/schema\/person\/image\/\",\"url\":\"https:\/\/secure.gravatar.com\/avatar\/8e71894ccdc67c7c8aadae68a5e00ab79e6b5ccaa4ee281d993644113e6cd018?s=96&d=mm&r=g\",\"contentUrl\":\"https:\/\/secure.gravatar.com\/avatar\/8e71894ccdc67c7c8aadae68a5e00ab79e6b5ccaa4ee281d993644113e6cd018?s=96&d=mm&r=g\",\"caption\":\"thibaut\"},\"url\":\"https:\/\/www.allwecando.net\/fr\/author\/thibaut\/\"}]}<\/script>\n<!-- \/ Yoast SEO plugin. -->","yoast_head_json":{"title":"ANNE-C\u00c9CILE CHANE-TUNE - ALL WE CAN DO","robots":{"index":"index","follow":"follow","max-snippet":"max-snippet:-1","max-image-preview":"max-image-preview:large","max-video-preview":"max-video-preview:-1"},"canonical":"https:\/\/www.allwecando.net\/2012\/11\/26\/anne-cecile-chane-tune-2\/","og_locale":"fr_FR","og_type":"article","og_title":"ANNE-C\u00c9CILE CHANE-TUNE - ALL WE CAN DO","og_description":"Nous marchons, Anne-C\u00e9cile et moi, au pied du ch\u00e2teau d&rsquo;Edimbourg en Ecosse. Quelques rayons de soleils viennent r\u00e9chauffer nos visages. Nous sommes en qu\u00eate d&rsquo;un lieu insolite pour se poser un temps tous les deux pour confronter ma cam\u00e9ra \u00e0 ses mouvements. Au loin, des pierres tombales surgissent de terre. Un cimeti\u00e8re \u00e9cossais nous fait [&hellip;]","og_url":"https:\/\/www.allwecando.net\/2012\/11\/26\/anne-cecile-chane-tune-2\/","og_site_name":"ALL WE CAN DO","article_published_time":"2012-11-26T09:24:02+00:00","article_modified_time":"2019-02-09T16:18:22+00:00","og_image":[{"width":1440,"height":549,"url":"https:\/\/www.allwecando.net\/wp-content\/uploads\/2014\/03\/AWCD-2.jpg","type":"image\/jpeg"}],"author":"thibaut","twitter_card":"summary_large_image","twitter_misc":{"\u00c9crit par":"thibaut","Dur\u00e9e de lecture estim\u00e9e":"2 minutes"},"schema":{"@context":"https:\/\/schema.org","@graph":[{"@type":"WebPage","@id":"https:\/\/www.allwecando.net\/2012\/11\/26\/anne-cecile-chane-tune-2\/","url":"https:\/\/www.allwecando.net\/2012\/11\/26\/anne-cecile-chane-tune-2\/","name":"ANNE-C\u00c9CILE CHANE-TUNE - ALL WE CAN DO","isPartOf":{"@id":"https:\/\/www.allwecando.net\/#website"},"primaryImageOfPage":{"@id":"https:\/\/www.allwecando.net\/2012\/11\/26\/anne-cecile-chane-tune-2\/#primaryimage"},"image":{"@id":"https:\/\/www.allwecando.net\/2012\/11\/26\/anne-cecile-chane-tune-2\/#primaryimage"},"thumbnailUrl":"https:\/\/www.allwecando.net\/wp-content\/uploads\/2014\/03\/AWCD-2.jpg","datePublished":"2012-11-26T09:24:02+00:00","dateModified":"2019-02-09T16:18:22+00:00","author":{"@id":"https:\/\/www.allwecando.net\/#\/schema\/person\/d0e47918245e0a073b42b0e7ce4382f9"},"breadcrumb":{"@id":"https:\/\/www.allwecando.net\/2012\/11\/26\/anne-cecile-chane-tune-2\/#breadcrumb"},"inLanguage":"fr-FR","potentialAction":[{"@type":"ReadAction","target":["https:\/\/www.allwecando.net\/2012\/11\/26\/anne-cecile-chane-tune-2\/"]}]},{"@type":"ImageObject","inLanguage":"fr-FR","@id":"https:\/\/www.allwecando.net\/2012\/11\/26\/anne-cecile-chane-tune-2\/#primaryimage","url":"https:\/\/www.allwecando.net\/wp-content\/uploads\/2014\/03\/AWCD-2.jpg","contentUrl":"https:\/\/www.allwecando.net\/wp-content\/uploads\/2014\/03\/AWCD-2.jpg","width":1440,"height":549},{"@type":"BreadcrumbList","@id":"https:\/\/www.allwecando.net\/2012\/11\/26\/anne-cecile-chane-tune-2\/#breadcrumb","itemListElement":[{"@type":"ListItem","position":1,"name":"Home","item":"https:\/\/www.allwecando.net\/fr\/"},{"@type":"ListItem","position":2,"name":"ANNE-C\u00c9CILE CHANE-TUNE"}]},{"@type":"WebSite","@id":"https:\/\/www.allwecando.net\/#website","url":"https:\/\/www.allwecando.net\/","name":"ALL WE CAN DO","description":"","potentialAction":[{"@type":"SearchAction","target":{"@type":"EntryPoint","urlTemplate":"https:\/\/www.allwecando.net\/?s={search_term_string}"},"query-input":{"@type":"PropertyValueSpecification","valueRequired":true,"valueName":"search_term_string"}}],"inLanguage":"fr-FR"},{"@type":"Person","@id":"https:\/\/www.allwecando.net\/#\/schema\/person\/d0e47918245e0a073b42b0e7ce4382f9","name":"thibaut","image":{"@type":"ImageObject","inLanguage":"fr-FR","@id":"https:\/\/www.allwecando.net\/#\/schema\/person\/image\/","url":"https:\/\/secure.gravatar.com\/avatar\/8e71894ccdc67c7c8aadae68a5e00ab79e6b5ccaa4ee281d993644113e6cd018?s=96&d=mm&r=g","contentUrl":"https:\/\/secure.gravatar.com\/avatar\/8e71894ccdc67c7c8aadae68a5e00ab79e6b5ccaa4ee281d993644113e6cd018?s=96&d=mm&r=g","caption":"thibaut"},"url":"https:\/\/www.allwecando.net\/fr\/author\/thibaut\/"}]}},"_links":{"self":[{"href":"https:\/\/www.allwecando.net\/fr\/wp-json\/wp\/v2\/posts\/91","targetHints":{"allow":["GET"]}}],"collection":[{"href":"https:\/\/www.allwecando.net\/fr\/wp-json\/wp\/v2\/posts"}],"about":[{"href":"https:\/\/www.allwecando.net\/fr\/wp-json\/wp\/v2\/types\/post"}],"author":[{"embeddable":true,"href":"https:\/\/www.allwecando.net\/fr\/wp-json\/wp\/v2\/users\/3"}],"replies":[{"embeddable":true,"href":"https:\/\/www.allwecando.net\/fr\/wp-json\/wp\/v2\/comments?post=91"}],"version-history":[{"count":0,"href":"https:\/\/www.allwecando.net\/fr\/wp-json\/wp\/v2\/posts\/91\/revisions"}],"wp:featuredmedia":[{"embeddable":true,"href":"https:\/\/www.allwecando.net\/fr\/wp-json\/wp\/v2\/media\/164"}],"wp:attachment":[{"href":"https:\/\/www.allwecando.net\/fr\/wp-json\/wp\/v2\/media?parent=91"}],"wp:term":[{"taxonomy":"category","embeddable":true,"href":"https:\/\/www.allwecando.net\/fr\/wp-json\/wp\/v2\/categories?post=91"},{"taxonomy":"post_tag","embeddable":true,"href":"https:\/\/www.allwecando.net\/fr\/wp-json\/wp\/v2\/tags?post=91"}],"curies":[{"name":"wp","href":"https:\/\/api.w.org\/{rel}","templated":true}]}}